{"id":9784,"date":"2026-09-05T17:50:30","date_gmt":"2026-09-05T16:50:30","guid":{"rendered":"https:\/\/blog.hotelcontinental.com\/?p=9784"},"modified":"2026-09-05T17:50:37","modified_gmt":"2026-09-05T16:50:37","slug":"casa-vicens-the-genius-before-the-legend-antoni-gaudis-first-masterpiece","status":"publish","type":"post","link":"https:\/\/blog.hotelcontinental.com\/es\/casa-vicens-the-genius-before-the-legend-antoni-gaudis-first-masterpiece\/","title":{"rendered":"El genio antes de la leyenda: Casa Vicens, la primera obra de Antoni Gaud\u00ed"},"content":{"rendered":"<h3 class=\"wp-block-heading\"><strong>De Casa Vicens a las plazas de Gr\u00e0cia, un recorrido con historia<\/strong><\/h3>\n\n\n\n<p>Antes de que su nombre se convirtiera en icono de Barcelona, antes de la Sagrada Familia, antes de Casa Batll\u00f3 o Parc G\u00fcell, hubo una casa de veraneo encargada por un corredor de bolsa a un arquitecto de apenas 31 a\u00f1os. Esa casa se llama <a href=\"https:\/\/casavicens.org\/es\">Casa Vicens<\/a>, y en ella ya est\u00e1 todo Gaud\u00ed: la audacia crom\u00e1tica, la obsesi\u00f3n por la naturaleza, la artesan\u00eda elevada a categor\u00eda de arte. Descubrirla es asomarse al momento exacto en que un genio empieza a serlo.<\/p>\n\n\n\n<h3 class=\"wp-block-heading\"><strong>Un encargo, un manifiesto<\/strong><\/h3>\n\n\n\n<p>Corr\u00eda 1883 cuando Manuel Vicens i Montaner encarg\u00f3 a un joven Antoni Gaud\u00ed una casa de veraneo en el entonces pueblo de Gr\u00e0cia, todav\u00eda independiente de Barcelona. Construida entre 1883 y 1885, la obra se convirti\u00f3 en el primer gran proyecto residencial del arquitecto y, con el tiempo, en una de las piezas fundacionales del modernismo catal\u00e1n.<\/p>\n\n\n\n<figure class=\"wp-block-image size-large\"><img loading=\"lazy\" decoding=\"async\" width=\"1024\" height=\"649\" src=\"https:\/\/blog.hotelcontinental.com\/wp-content\/uploads\/2026\/09\/image-1-1024x649.png\" alt=\"\" class=\"wp-image-9788\" srcset=\"https:\/\/blog.hotelcontinental.com\/wp-content\/uploads\/2026\/09\/image-1-980x621.png 980w, https:\/\/blog.hotelcontinental.com\/wp-content\/uploads\/2026\/09\/image-1-480x304.png 480w\" sizes=\"(min-width: 0px) and (max-width: 480px) 480px, (min-width: 481px) and (max-width: 980px) 980px, (min-width: 981px) 1024px, 100vw\" \/><\/figure>\n\n\n\n<p>Gaud\u00ed no parti\u00f3 de cero: se inspir\u00f3 en el terreno mismo, cubierto de flores de cal\u00e9ndula silvestres que despu\u00e9s reprodujo en la cer\u00e1mica de la fachada, y en las palmeras del jard\u00edn original, que tambi\u00e9n dejaron su huella en la decoraci\u00f3n interior. El resultado es una arquitectura que dialoga con neomud\u00e9jar, orientalismo y una paleta de color que en su \u00e9poca resultaba casi provocadora.<\/p>\n\n\n\n<h3 class=\"wp-block-heading\"><strong>Una casa que se lee como un libro<\/strong><\/h3>\n\n\n\n<p>Recorrer Casa Vicens es leer los primeros cap\u00edtulos del lenguaje gaudiniano. La fachada, revestida de azulejos verdes y blancos con motivos vegetales, ya anuncia esa fusi\u00f3n entre estructura y ornamento que definir\u00eda toda su obra posterior. En el interior, el fumador, con su techo de moc\u00e1rabes inspirado en la Alhambra, y el comedor, decorado con hojas de higuera pintadas a mano, muestran a un arquitecto capaz de convertir cada rinc\u00f3n en una experiencia sensorial completa y memorable.<\/p>\n\n\n\n<p>La casa fue habitada durante m\u00e1s de 130 a\u00f1os antes de que el banco andorrano MoraBanc adquiriera el edificio en 2014 e impulsara una restauraci\u00f3n que devolvi\u00f3 su esplendor original. Abierta al p\u00fablico como museo desde noviembre de 2017, hoy permite visitar las cuatro plantas del edificio, incluida la azotea, con vistas privilegiadas sobre los tejados de Gr\u00e0cia.<\/p>\n\n\n\n<h3 class=\"wp-block-heading\"><strong>Patrimonio de la humanidad<\/strong><\/h3>\n\n\n\n<figure class=\"wp-block-image size-large\"><img loading=\"lazy\" decoding=\"async\" width=\"1024\" height=\"866\" src=\"https:\/\/blog.hotelcontinental.com\/wp-content\/uploads\/2026\/09\/image-1024x866.png\" alt=\"\" class=\"wp-image-9786\" srcset=\"https:\/\/blog.hotelcontinental.com\/wp-content\/uploads\/2026\/09\/image-1024x866.png 1024w, https:\/\/blog.hotelcontinental.com\/wp-content\/uploads\/2026\/09\/image-980x829.png 980w, https:\/\/blog.hotelcontinental.com\/wp-content\/uploads\/2026\/09\/image-480x406.png 480w\" sizes=\"(min-width: 0px) and (max-width: 480px) 480px, (min-width: 481px) and (max-width: 980px) 980px, (min-width: 981px) 1024px, 100vw\" \/><\/figure>\n\n\n\n<p>Casa Vicens forma parte de las Obras de Antoni Gaud\u00ed reconocidas por la UNESCO como Patrimonio de la Humanidad desde 2005, un reconocimiento que sit\u00faa a esta primera obra al mismo nivel que sus creaciones m\u00e1s c\u00e9lebres. Se encuentra en el n\u00famero 20-26 de la calle de les Carolines, en pleno coraz\u00f3n de Gr\u00e0cia, y el horario de invierno (noviembre a marzo) es de 9.30 h a 18.00 h todos los d\u00edas excepto el 25 de diciembre. La entrada general ronda los 21 \u20ac en visita libre y los 24 \u20ac en visita guiada, con reducciones para estudiantes, mayores de 65 a\u00f1os, familias numerosas o monoparentales y personas con diversidad funcional. Recomendamos siempre consultar el <a href=\"https:\/\/casavicens.org\/\">sitio oficial de Casa Vicens<\/a> antes de la visita, ya que horarios y precios pueden variar por temporada o eventos especiales.<\/p>\n\n\n\n<h3 class=\"wp-block-heading\"><strong>Un paseo modernista, de La Rambla a Gr\u00e0cia<\/strong><\/h3>\n\n\n\n<p>Visitar Casa Vicens es tambi\u00e9n una invitaci\u00f3n a caminar Barcelona con otros ojos. Desde el Hotel Continental Barcelona, en plena La Rambla, el itinerario modernista puede comenzar subiendo hacia el Passeig de Gr\u00e0cia, donde el Hotel Continental Palacete recibe a quienes se alojan en pleno Quadrat d&#8217;Or, a escasos pasos de Casa Batll\u00f3 y Casa Mil\u00e0. Desde all\u00ed, un paseo de apenas quince minutos conduce hasta Gr\u00e0cia, donde Casa Vicens espera como el primer eslab\u00f3n de esta historia.<\/p>\n\n\n\n<h3 class=\"wp-block-heading\"><strong>Un barrio con alma de pueblo<\/strong><\/h3>\n\n\n\n<p>Gr\u00e0cia fue un municipio independiente hasta 1897, y ese pasado se nota en cada esquina: calles estrechas, fachadas de colores y un ritmo que parece ajeno a la gran ciudad que lo envuelve. Sus preciosas plazas son lugares ideales para tomar algo en sus terrazas y disfrutar de la vida de barrio: La Pla\u00e7a del Sol, la Pla\u00e7a de la Vila de Gr\u00e0cia con su torre del reloj, o la Pla\u00e7a de la Virreina, presidida por la iglesia de Sant Joan, donde sentir\u00e1 que est\u00e1 en un pueblo y no en Barcelona.<\/p>\n\n\n\n<figure class=\"wp-block-image size-large\"><img loading=\"lazy\" decoding=\"async\" width=\"1024\" height=\"768\" src=\"https:\/\/blog.hotelcontinental.com\/wp-content\/uploads\/2026\/09\/image-2-1024x768.png\" alt=\"\" class=\"wp-image-9789\" srcset=\"https:\/\/blog.hotelcontinental.com\/wp-content\/uploads\/2026\/09\/image-2-1024x768.png 1024w, https:\/\/blog.hotelcontinental.com\/wp-content\/uploads\/2026\/09\/image-2-980x735.png 980w, https:\/\/blog.hotelcontinental.com\/wp-content\/uploads\/2026\/09\/image-2-480x360.png 480w\" sizes=\"(min-width: 0px) and (max-width: 480px) 480px, (min-width: 481px) and (max-width: 980px) 980px, (min-width: 981px) 1024px, 100vw\" \/><\/figure>\n\n\n\n<p>Visitar Casa Vicens y perderse despu\u00e9s por las calles de Gr\u00e0cia es, sin duda, la mejor manera de entender por qu\u00e9 esta ciudad enamora tanto a quien la descubre como a quien vuelve a ella una y otra vez.<\/p>\n\n\n\n<h3 class=\"wp-block-heading\"><strong>Una parada obligada en su pr\u00f3xima visita<\/strong><\/h3>\n\n\n\n<p>Casa Vicens no es solo el inicio de la carrera de Gaud\u00ed: es una pieza clave para entender c\u00f3mo Barcelona se convirti\u00f3 en el laboratorio del modernismo europeo. Le invitamos a incluirla en su itinerario y a descubrirla desde la comodidad de nuestros hoteles, donde cada estancia empieza con un desayuno del buffet salado y dulce disponible las 24 horas, y termina con la sensaci\u00f3n de haber sido recibido como en casa.<\/p>","protected":false},"excerpt":{"rendered":"<p>De Casa Vicens a las plazas de Gr\u00e0cia, un recorrido con historia Antes de que su nombre se convirtiera en icono de Barcelona, antes de la Sagrada Familia, antes de Casa Batll\u00f3 o Parc G\u00fcell, hubo una casa de veraneo encargada por un corredor de bolsa a un arquitecto de apenas 31 a\u00f1os. Esa casa [&hellip;]<\/p>\n","protected":false},"author":2,"featured_media":9787,"comment_status":"open","ping_status":"closed","sticky":false,"template":"","format":"standard","meta":{"_et_pb_use_builder":"off","_et_pb_old_content":"","_et_gb_content_width":"","_monsterinsights_skip_tracking":false,"_jetpack_newsletter_access":"","_jetpack_dont_email_post_to_subs":true,"_jetpack_newsletter_tier_id":0,"_jetpack_memberships_contains_paywalled_content":false,"_jetpack_feature_clip_id":0,"_jetpack_memberships_contains_paid_content":false,"footnotes":"","jetpack_publicize_message":"","jetpack_publicize_feature_enabled":true,"jetpack_social_post_already_shared":false,"jetpack_social_options":{"image_generator_settings":{"template":"highway","default_image_id":0,"font":"","enabled":false},"version":2},"jetpack_post_was_ever_published":false},"categories":[1,15,3],"tags":[1048,347,251,258,524,348,55],"class_list":["post-9784","post","type-post","status-publish","format-standard","has-post-thumbnail","hentry","category-barcelona","category-culture","category-hotel-continental","tag-antoni-gaudi-2","tag-barcelona","tag-barcelona-museums","tag-casa-vicens","tag-catalan-modernism","tag-hotel-continental","tag-hotel-continental-palacete"],"yoast_head":"<!-- This site is optimized with the Yoast SEO plugin v28.3 - https:\/\/yoast.com\/product\/yoast-seo-wordpress\/ -->\n<title>Casa Vicens: Antoni Gaud\u00ed&#039;s First Masterpiece<\/title>\n<meta name=\"description\" content=\"Discover Casa Vicens, Gaud\u00ed&#039;s first masterpiece in Gr\u00e0cia, and follow a modernist walk from La Rambla to Barcelona&#039;s Quadrat d&#039;Or.\" \/>\n<meta name=\"robots\" content=\"index, follow, max-snippet:-1, max-image-preview:large, max-video-preview:-1\" \/>\n<link rel=\"canonical\" href=\"https:\/\/blog.hotelcontinental.com\/es\/casa-vicens-the-genius-before-the-legend-antoni-gaudis-first-masterpiece\/\" \/>\n<meta property=\"og:locale\" content=\"es_ES\" \/>\n<meta property=\"og:type\" content=\"article\" \/>\n<meta property=\"og:title\" content=\"Casa Vicens: Antoni Gaud\u00ed&#039;s First Masterpiece\" \/>\n<meta property=\"og:description\" content=\"Discover Casa Vicens, Gaud\u00ed&#039;s first masterpiece in Gr\u00e0cia, and follow a modernist walk from La Rambla to Barcelona&#039;s Quadrat d&#039;Or.\" \/>\n<meta property=\"og:url\" content=\"https:\/\/blog.hotelcontinental.com\/es\/casa-vicens-the-genius-before-the-legend-antoni-gaudis-first-masterpiece\/\" \/>\n<meta property=\"og:site_name\" content=\"Hotel Continental Barcelona\" \/>\n<meta property=\"article:published_time\" content=\"2026-09-05T16:50:30+00:00\" \/>\n<meta property=\"article:modified_time\" content=\"2026-09-05T16:50:37+00:00\" \/>\n<meta property=\"og:image\" content=\"https:\/\/blog.hotelcontinental.com\/wp-content\/uploads\/2026\/09\/Casa-Vicens.jpg\" \/>\n\t<meta property=\"og:image:width\" content=\"474\" \/>\n\t<meta property=\"og:image:height\" content=\"266\" \/>\n\t<meta property=\"og:image:type\" content=\"image\/jpeg\" \/>\n<meta name=\"author\" content=\"Hotel Continental\" \/>\n<meta name=\"twitter:card\" content=\"summary_large_image\" \/>\n<meta name=\"twitter:label1\" content=\"Escrito por\" \/>\n\t<meta name=\"twitter:data1\" content=\"Hotel Continental\" \/>\n\t<meta name=\"twitter:label2\" content=\"Tiempo de lectura\" \/>\n\t<meta name=\"twitter:data2\" content=\"5 minutos\" \/>\n<script type=\"application\/ld+json\" class=\"yoast-schema-graph\">{\"@context\":\"https:\\\/\\\/schema.org\",\"@graph\":[{\"@type\":\"Article\",\"@id\":\"https:\\\/\\\/blog.hotelcontinental.com\\\/casa-vicens-the-genius-before-the-legend-antoni-gaudis-first-masterpiece\\\/#article\",\"isPartOf\":{\"@id\":\"https:\\\/\\\/blog.hotelcontinental.com\\\/casa-vicens-the-genius-before-the-legend-antoni-gaudis-first-masterpiece\\\/\"},\"author\":{\"name\":\"Hotel Continental\",\"@id\":\"https:\\\/\\\/blog.hotelcontinental.com\\\/#\\\/schema\\\/person\\\/03c12ee558f9b4d2ed1d6d86f48411ba\"},\"headline\":\"El genio antes de la leyenda: Casa Vicens, la primera obra de Antoni Gaud\u00ed\",\"datePublished\":\"2026-09-05T16:50:30+00:00\",\"dateModified\":\"2026-09-05T16:50:37+00:00\",\"mainEntityOfPage\":{\"@id\":\"https:\\\/\\\/blog.hotelcontinental.com\\\/casa-vicens-the-genius-before-the-legend-antoni-gaudis-first-masterpiece\\\/\"},\"wordCount\":1665,\"commentCount\":0,\"image\":{\"@id\":\"https:\\\/\\\/blog.hotelcontinental.com\\\/casa-vicens-the-genius-before-the-legend-antoni-gaudis-first-masterpiece\\\/#primaryimage\"},\"thumbnailUrl\":\"https:\\\/\\\/blog.hotelcontinental.com\\\/wp-content\\\/uploads\\\/2026\\\/09\\\/Casa-Vicens.jpg\",\"keywords\":[\"Antoni Gaud\u00ed\",\"Barcelona\",\"Barcelona museums\",\"casa vicens\",\"catalan modernism\",\"Hotel Continental\",\"Hotel Continental Palacete\"],\"articleSection\":[\"Barcelona\",\"Culture\",\"Hotel Continental\"],\"inLanguage\":\"es\",\"potentialAction\":[{\"@type\":\"CommentAction\",\"name\":\"Comment\",\"target\":[\"https:\\\/\\\/blog.hotelcontinental.com\\\/casa-vicens-the-genius-before-the-legend-antoni-gaudis-first-masterpiece\\\/#respond\"]}]},{\"@type\":\"WebPage\",\"@id\":\"https:\\\/\\\/blog.hotelcontinental.com\\\/es\\\/casa-vicens-the-genius-before-the-legend-antoni-gaudis-first-masterpiece\\\/\",\"url\":\"https:\\\/\\\/blog.hotelcontinental.com\\\/es\\\/casa-vicens-the-genius-before-the-legend-antoni-gaudis-first-masterpiece\\\/\",\"name\":\"Casa Vicens: Antoni Gaud\u00ed's First Masterpiece\",\"isPartOf\":{\"@id\":\"https:\\\/\\\/blog.hotelcontinental.com\\\/es\\\/#website\"},\"primaryImageOfPage\":{\"@id\":\"https:\\\/\\\/blog.hotelcontinental.com\\\/es\\\/casa-vicens-the-genius-before-the-legend-antoni-gaudis-first-masterpiece\\\/#primaryimage\"},\"image\":{\"@id\":\"https:\\\/\\\/blog.hotelcontinental.com\\\/casa-vicens-the-genius-before-the-legend-antoni-gaudis-first-masterpiece\\\/#primaryimage\"},\"thumbnailUrl\":\"https:\\\/\\\/blog.hotelcontinental.com\\\/wp-content\\\/uploads\\\/2026\\\/09\\\/Casa-Vicens.jpg\",\"datePublished\":\"2026-09-05T16:50:30+00:00\",\"dateModified\":\"2026-09-05T16:50:37+00:00\",\"author\":{\"@id\":\"https:\\\/\\\/blog.hotelcontinental.com\\\/#\\\/schema\\\/person\\\/03c12ee558f9b4d2ed1d6d86f48411ba\"},\"description\":\"Discover Casa Vicens, Gaud\u00ed's first masterpiece in Gr\u00e0cia, and follow a modernist walk from La Rambla to Barcelona's Quadrat d'Or.\",\"breadcrumb\":{\"@id\":\"https:\\\/\\\/blog.hotelcontinental.com\\\/es\\\/casa-vicens-the-genius-before-the-legend-antoni-gaudis-first-masterpiece\\\/#breadcrumb\"},\"inLanguage\":\"es\",\"potentialAction\":[{\"@type\":\"ReadAction\",\"target\":[[\"https:\\\/\\\/blog.hotelcontinental.com\\\/es\\\/casa-vicens-the-genius-before-the-legend-antoni-gaudis-first-masterpiece\\\/\"]]}]},{\"@type\":\"ImageObject\",\"inLanguage\":\"es\",\"@id\":\"https:\\\/\\\/blog.hotelcontinental.com\\\/es\\\/casa-vicens-the-genius-before-the-legend-antoni-gaudis-first-masterpiece\\\/#primaryimage\",\"url\":\"https:\\\/\\\/blog.hotelcontinental.com\\\/wp-content\\\/uploads\\\/2026\\\/09\\\/Casa-Vicens.jpg\",\"contentUrl\":\"https:\\\/\\\/blog.hotelcontinental.com\\\/wp-content\\\/uploads\\\/2026\\\/09\\\/Casa-Vicens.jpg\",\"width\":474,\"height\":266},{\"@type\":\"BreadcrumbList\",\"@id\":\"https:\\\/\\\/blog.hotelcontinental.com\\\/es\\\/casa-vicens-the-genius-before-the-legend-antoni-gaudis-first-masterpiece\\\/#breadcrumb\",\"itemListElement\":[{\"@type\":\"ListItem\",\"position\":1,\"name\":\"Home\",\"item\":\"https:\\\/\\\/blog.hotelcontinental.com\\\/es\\\/\"},{\"@type\":\"ListItem\",\"position\":2,\"name\":\"Casa Vicens: The Genius Before the Legend, Antoni Gaud\u00ed&#8217;s First Masterpiece\"}]},{\"@type\":\"WebSite\",\"@id\":\"https:\\\/\\\/blog.hotelcontinental.com\\\/es\\\/#website\",\"url\":\"https:\\\/\\\/blog.hotelcontinental.com\\\/es\\\/\",\"name\":\"Hotel Continental Barcelona\",\"description\":\"Dos hoteles emblem\u00e1ticos en el centro de Barcelona.\",\"potentialAction\":[{\"@type\":\"SearchAction\",\"target\":{\"@type\":\"EntryPoint\",\"urlTemplate\":\"https:\\\/\\\/blog.hotelcontinental.com\\\/es\\\/?s={search_term_string}\"},\"query-input\":{\"@type\":\"PropertyValueSpecification\",\"valueRequired\":true,\"valueName\":\"search_term_string\"}}],\"inLanguage\":\"es\"},{\"@type\":\"Person\",\"@id\":\"https:\\\/\\\/blog.hotelcontinental.com\\\/#\\\/schema\\\/person\\\/03c12ee558f9b4d2ed1d6d86f48411ba\",\"name\":\"Hotel Continental\",\"image\":{\"@type\":\"ImageObject\",\"inLanguage\":\"es\",\"@id\":\"https:\\\/\\\/secure.gravatar.com\\\/avatar\\\/e732cb9f84f35036d4c926c356409ff2ba1d4205b86c3d6ce43f4125cafefb5b?s=96&d=robohash&r=g\",\"url\":\"https:\\\/\\\/secure.gravatar.com\\\/avatar\\\/e732cb9f84f35036d4c926c356409ff2ba1d4205b86c3d6ce43f4125cafefb5b?s=96&d=robohash&r=g\",\"contentUrl\":\"https:\\\/\\\/secure.gravatar.com\\\/avatar\\\/e732cb9f84f35036d4c926c356409ff2ba1d4205b86c3d6ce43f4125cafefb5b?s=96&d=robohash&r=g\",\"caption\":\"Hotel Continental\"},\"url\":\"https:\\\/\\\/blog.hotelcontinental.com\\\/es\\\/author\\\/malagarriga\\\/\"}]}<\/script>\n<!-- \/ Yoast SEO plugin. -->","yoast_head_json":{"title":"Casa Vicens: Antoni Gaud\u00ed's First Masterpiece","description":"Discover Casa Vicens, Gaud\u00ed's first masterpiece in Gr\u00e0cia, and follow a modernist walk from La Rambla to Barcelona's Quadrat d'Or.","robots":{"index":"index","follow":"follow","max-snippet":"max-snippet:-1","max-image-preview":"max-image-preview:large","max-video-preview":"max-video-preview:-1"},"canonical":"https:\/\/blog.hotelcontinental.com\/es\/casa-vicens-the-genius-before-the-legend-antoni-gaudis-first-masterpiece\/","og_locale":"es_ES","og_type":"article","og_title":"Casa Vicens: Antoni Gaud\u00ed's First Masterpiece","og_description":"Discover Casa Vicens, Gaud\u00ed's first masterpiece in Gr\u00e0cia, and follow a modernist walk from La Rambla to Barcelona's Quadrat d'Or.","og_url":"https:\/\/blog.hotelcontinental.com\/es\/casa-vicens-the-genius-before-the-legend-antoni-gaudis-first-masterpiece\/","og_site_name":"Hotel Continental Barcelona","article_published_time":"2026-09-05T16:50:30+00:00","article_modified_time":"2026-09-05T16:50:37+00:00","og_image":[{"width":474,"height":266,"url":"https:\/\/blog.hotelcontinental.com\/wp-content\/uploads\/2026\/09\/Casa-Vicens.jpg","type":"image\/jpeg"}],"author":"Hotel Continental","twitter_card":"summary_large_image","twitter_misc":{"Escrito por":"Hotel Continental","Tiempo de lectura":"5 minutos"},"schema":{"@context":"https:\/\/schema.org","@graph":[{"@type":"Article","@id":"https:\/\/blog.hotelcontinental.com\/casa-vicens-the-genius-before-the-legend-antoni-gaudis-first-masterpiece\/#article","isPartOf":{"@id":"https:\/\/blog.hotelcontinental.com\/casa-vicens-the-genius-before-the-legend-antoni-gaudis-first-masterpiece\/"},"author":{"name":"Hotel Continental","@id":"https:\/\/blog.hotelcontinental.com\/#\/schema\/person\/03c12ee558f9b4d2ed1d6d86f48411ba"},"headline":"El genio antes de la leyenda: Casa Vicens, la primera obra de Antoni Gaud\u00ed","datePublished":"2026-09-05T16:50:30+00:00","dateModified":"2026-09-05T16:50:37+00:00","mainEntityOfPage":{"@id":"https:\/\/blog.hotelcontinental.com\/casa-vicens-the-genius-before-the-legend-antoni-gaudis-first-masterpiece\/"},"wordCount":1665,"commentCount":0,"image":{"@id":"https:\/\/blog.hotelcontinental.com\/casa-vicens-the-genius-before-the-legend-antoni-gaudis-first-masterpiece\/#primaryimage"},"thumbnailUrl":"https:\/\/blog.hotelcontinental.com\/wp-content\/uploads\/2026\/09\/Casa-Vicens.jpg","keywords":["Antoni Gaud\u00ed","Barcelona","Barcelona museums","casa vicens","catalan modernism","Hotel Continental","Hotel Continental Palacete"],"articleSection":["Barcelona","Culture","Hotel Continental"],"inLanguage":"es","potentialAction":[{"@type":"CommentAction","name":"Comment","target":["https:\/\/blog.hotelcontinental.com\/casa-vicens-the-genius-before-the-legend-antoni-gaudis-first-masterpiece\/#respond"]}]},{"@type":"WebPage","@id":"https:\/\/blog.hotelcontinental.com\/es\/casa-vicens-the-genius-before-the-legend-antoni-gaudis-first-masterpiece\/","url":"https:\/\/blog.hotelcontinental.com\/es\/casa-vicens-the-genius-before-the-legend-antoni-gaudis-first-masterpiece\/","name":"Casa Vicens: Antoni Gaud\u00ed's First Masterpiece","isPartOf":{"@id":"https:\/\/blog.hotelcontinental.com\/es\/#website"},"primaryImageOfPage":{"@id":"https:\/\/blog.hotelcontinental.com\/es\/casa-vicens-the-genius-before-the-legend-antoni-gaudis-first-masterpiece\/#primaryimage"},"image":{"@id":"https:\/\/blog.hotelcontinental.com\/casa-vicens-the-genius-before-the-legend-antoni-gaudis-first-masterpiece\/#primaryimage"},"thumbnailUrl":"https:\/\/blog.hotelcontinental.com\/wp-content\/uploads\/2026\/09\/Casa-Vicens.jpg","datePublished":"2026-09-05T16:50:30+00:00","dateModified":"2026-09-05T16:50:37+00:00","author":{"@id":"https:\/\/blog.hotelcontinental.com\/#\/schema\/person\/03c12ee558f9b4d2ed1d6d86f48411ba"},"description":"Discover Casa Vicens, Gaud\u00ed's first masterpiece in Gr\u00e0cia, and follow a modernist walk from La Rambla to Barcelona's Quadrat d'Or.","breadcrumb":{"@id":"https:\/\/blog.hotelcontinental.com\/es\/casa-vicens-the-genius-before-the-legend-antoni-gaudis-first-masterpiece\/#breadcrumb"},"inLanguage":"es","potentialAction":[{"@type":"ReadAction","target":[["https:\/\/blog.hotelcontinental.com\/es\/casa-vicens-the-genius-before-the-legend-antoni-gaudis-first-masterpiece\/"]]}]},{"@type":"ImageObject","inLanguage":"es","@id":"https:\/\/blog.hotelcontinental.com\/es\/casa-vicens-the-genius-before-the-legend-antoni-gaudis-first-masterpiece\/#primaryimage","url":"https:\/\/blog.hotelcontinental.com\/wp-content\/uploads\/2026\/09\/Casa-Vicens.jpg","contentUrl":"https:\/\/blog.hotelcontinental.com\/wp-content\/uploads\/2026\/09\/Casa-Vicens.jpg","width":474,"height":266},{"@type":"BreadcrumbList","@id":"https:\/\/blog.hotelcontinental.com\/es\/casa-vicens-the-genius-before-the-legend-antoni-gaudis-first-masterpiece\/#breadcrumb","itemListElement":[{"@type":"ListItem","position":1,"name":"Home","item":"https:\/\/blog.hotelcontinental.com\/es\/"},{"@type":"ListItem","position":2,"name":"Casa Vicens: The Genius Before the Legend, Antoni Gaud\u00ed&#8217;s First Masterpiece"}]},{"@type":"WebSite","@id":"https:\/\/blog.hotelcontinental.com\/es\/#website","url":"https:\/\/blog.hotelcontinental.com\/es\/","name":"Hotel Continental Barcelona","description":"Dos hoteles emblem\u00e1ticos en el centro de Barcelona.","potentialAction":[{"@type":"SearchAction","target":{"@type":"EntryPoint","urlTemplate":"https:\/\/blog.hotelcontinental.com\/es\/?s={search_term_string}"},"query-input":{"@type":"PropertyValueSpecification","valueRequired":true,"valueName":"search_term_string"}}],"inLanguage":"es"},{"@type":"Person","@id":"https:\/\/blog.hotelcontinental.com\/#\/schema\/person\/03c12ee558f9b4d2ed1d6d86f48411ba","name":"Hotel Continental","image":{"@type":"ImageObject","inLanguage":"es","@id":"https:\/\/secure.gravatar.com\/avatar\/e732cb9f84f35036d4c926c356409ff2ba1d4205b86c3d6ce43f4125cafefb5b?s=96&d=robohash&r=g","url":"https:\/\/secure.gravatar.com\/avatar\/e732cb9f84f35036d4c926c356409ff2ba1d4205b86c3d6ce43f4125cafefb5b?s=96&d=robohash&r=g","contentUrl":"https:\/\/secure.gravatar.com\/avatar\/e732cb9f84f35036d4c926c356409ff2ba1d4205b86c3d6ce43f4125cafefb5b?s=96&d=robohash&r=g","caption":"Hotel Continental"},"url":"https:\/\/blog.hotelcontinental.com\/es\/author\/malagarriga\/"}]}},"jetpack_publicize_connections":[],"jetpack_sharing_enabled":true,"jetpack_shortlink":"https:\/\/wp.me\/p8jyDf-2xO","jetpack_featured_media_url":"https:\/\/blog.hotelcontinental.com\/wp-content\/uploads\/2026\/09\/Casa-Vicens.jpg","_links":{"self":[{"href":"https:\/\/blog.hotelcontinental.com\/es\/wp-json\/wp\/v2\/posts\/9784","targetHints":{"allow":["GET"]}}],"collection":[{"href":"https:\/\/blog.hotelcontinental.com\/es\/wp-json\/wp\/v2\/posts"}],"about":[{"href":"https:\/\/blog.hotelcontinental.com\/es\/wp-json\/wp\/v2\/types\/post"}],"author":[{"embeddable":true,"href":"https:\/\/blog.hotelcontinental.com\/es\/wp-json\/wp\/v2\/users\/2"}],"replies":[{"embeddable":true,"href":"https:\/\/blog.hotelcontinental.com\/es\/wp-json\/wp\/v2\/comments?post=9784"}],"version-history":[{"count":3,"href":"https:\/\/blog.hotelcontinental.com\/es\/wp-json\/wp\/v2\/posts\/9784\/revisions"}],"predecessor-version":[{"id":9791,"href":"https:\/\/blog.hotelcontinental.com\/es\/wp-json\/wp\/v2\/posts\/9784\/revisions\/9791"}],"wp:featuredmedia":[{"embeddable":true,"href":"https:\/\/blog.hotelcontinental.com\/es\/wp-json\/wp\/v2\/media\/9787"}],"wp:attachment":[{"href":"https:\/\/blog.hotelcontinental.com\/es\/wp-json\/wp\/v2\/media?parent=9784"}],"wp:term":[{"taxonomy":"category","embeddable":true,"href":"https:\/\/blog.hotelcontinental.com\/es\/wp-json\/wp\/v2\/categories?post=9784"},{"taxonomy":"post_tag","embeddable":true,"href":"https:\/\/blog.hotelcontinental.com\/es\/wp-json\/wp\/v2\/tags?post=9784"}],"curies":[{"name":"wp","href":"https:\/\/api.w.org\/{rel}","templated":true}]}}