{"id":9774,"date":"2026-08-31T10:12:47","date_gmt":"2026-08-31T09:12:47","guid":{"rendered":"https:\/\/blog.hotelcontinental.com\/?p=9774"},"modified":"2026-08-31T10:12:52","modified_gmt":"2026-08-31T09:12:52","slug":"barcelona-gallery-weekend-2026-the-city-becomes-one-great-art-gallery","status":"publish","type":"post","link":"https:\/\/blog.hotelcontinental.com\/es\/barcelona-gallery-weekend-2026-the-city-becomes-one-great-art-gallery\/","title":{"rendered":"Barcelona Gallery Weekend 2026: la ciudad se convierte en una gran galer\u00eda de arte"},"content":{"rendered":"<h3 class=\"wp-block-heading\">25 Galer\u00edas, m\u00e1s de 50 artistas y una ciudad entera como escenario del arte contempor\u00e1neo<\/h3>\n\n\n\n<p>Cada septiembre, Barcelona vive un fin de semana en el que las fronteras entre barrios se difuminan y el arte contempor\u00e1neo se convierte en protagonista. Del 17 al 20 de septiembre, la ciudad celebra la 12\u00aa edici\u00f3n del <a href=\"https:\/\/www.barcelonagalleryweekend.com\/\">Barcelona Gallery Weekend<\/a>, una cita que convierte 25 galer\u00edas: 23 en Barcelona y 2 en L&#8217;Hospitalet de Llobregat, en un \u00fanico itinerario diverso y abierto a todos los p\u00fablicos.<\/p>\n\n\n\n<figure class=\"wp-block-image size-large\"><img loading=\"lazy\" decoding=\"async\" width=\"1024\" height=\"683\" src=\"https:\/\/blog.hotelcontinental.com\/wp-content\/uploads\/2026\/08\/image-7-1024x683.png\" alt=\"\" class=\"wp-image-9778\" srcset=\"https:\/\/blog.hotelcontinental.com\/wp-content\/uploads\/2026\/08\/image-7-980x654.png 980w, https:\/\/blog.hotelcontinental.com\/wp-content\/uploads\/2026\/08\/image-7-480x320.png 480w\" sizes=\"(min-width: 0px) and (max-width: 480px) 480px, (min-width: 481px) and (max-width: 980px) 980px, (min-width: 981px) 1024px, 100vw\" \/><\/figure>\n\n\n\n<h3 class=\"wp-block-heading\"><strong>Dos ciudades y decenas de artistas con historias propias<\/strong><\/h3>\n\n\n\n<p>M\u00e1s de 50 artistas nacionales e internacionales presentar\u00e1n su obra en espacios repartidos por el Eixample, Gr\u00e0cia, Ciutat Vella, Sant Antoni, Poblenou, el eje de la calle Trafalgar y en la ciudad de L\u2019Hospitalet de Llobregat. Pintura, escultura, fotograf\u00eda, instalaci\u00f3n, arte textil o proyectos site-specific conviven en una programaci\u00f3n pensada para el descubrimiento y el disfrute: no hace falta ser experto en arte para dejarse sorprender por lo que encierra cada sala, por lo que nos ofrece cada artista.<\/p>\n\n\n\n<p>La inauguraci\u00f3n simult\u00e1nea en las dos ciudades ser\u00e1 el jueves 17 de septiembre entre las 12h y las 18h. Esta jornada est\u00e1 reservada a p\u00fablico profesional; a partir de las 18h, las puertas se abren a todos los visitantes. El resto del fin de semana, el horario com\u00fan es de 12h a 20h el viernes y el s\u00e1bado, y de 11h a 15h el domingo. El acceso a todas las exposiciones es libre y gratuito.<\/p>\n\n\n\n<h3 class=\"wp-block-heading\"><strong>Arte para disfrutar paseando y arte para compartir<\/strong><\/h3>\n\n\n\n<p>Lo que distingue a esta cita del resto de ferias de arte es su vocaci\u00f3n de acercarse a la calle. La programaci\u00f3n incluye rutas guiadas gratuitas: las ARCO GalleryWalks y visitas pensadas espec\u00edficamente para familias con ni\u00f1os y ni\u00f1as, adem\u00e1s de encuentros con artistas y galeristas que abren y explican sus procesos creativos a quien quiera escuchar. Es una manera distinta de recorrer las ciudades: sin prisa, dej\u00e1ndose llevar de una galer\u00eda a otra, descubriendo qu\u00e9 se cuece en el ecosistema art\u00edstico de la ciudad.<\/p>\n\n\n\n<figure class=\"wp-block-embed is-type-video is-provider-youtube wp-block-embed-youtube wp-embed-aspect-16-9 wp-has-aspect-ratio\"><div class=\"wp-block-embed__wrapper\">\n<span class=\"embed-youtube\" style=\"text-align:center; display: block;\"><iframe loading=\"lazy\" class=\"youtube-player\" width=\"1080\" height=\"608\" src=\"https:\/\/www.youtube.com\/embed\/Due3jTLhuxw?version=3&#038;rel=1&#038;showsearch=0&#038;showinfo=1&#038;iv_load_policy=1&#038;fs=1&#038;hl=es-ES&#038;autohide=2&#038;wmode=transparent\" allowfullscreen=\"true\" style=\"border:0;\" sandbox=\"allow-scripts allow-same-origin allow-popups allow-presentation allow-popups-to-escape-sandbox\"><\/iframe><\/span>\n<\/div><\/figure>\n\n\n\n<h3 class=\"wp-block-heading\"><strong>El Eixample, epicentro natural del recorrido<\/strong><\/h3>\n\n\n\n<p>Buena parte de las galer\u00edas participantes se concentran en el Eixample, muy cerca de nuestro Hotel Continental Palacete, del eje de Passeig de Gr\u00e0cia y sus emblem\u00e1ticos edificios modernistas, como la Casa Mila (La Pedrera), la Casa Batll\u00f3 o la Casa Ametller. No es casualidad: este barrio, con su trazado singular obra de Ildefons Cerd\u00e0 y su tradici\u00f3n de mecenazgo art\u00edstico y arquitect\u00f3nico, lleva d\u00e9cadas siendo el coraz\u00f3n del arte y el dise\u00f1o en la ciudad.<\/p>\n\n\n\n<figure class=\"wp-block-image size-large\"><img loading=\"lazy\" decoding=\"async\" width=\"1024\" height=\"683\" src=\"https:\/\/blog.hotelcontinental.com\/wp-content\/uploads\/2026\/08\/image-8-1024x683.png\" alt=\"\" class=\"wp-image-9779\" srcset=\"https:\/\/blog.hotelcontinental.com\/wp-content\/uploads\/2026\/08\/image-8-980x653.png 980w, https:\/\/blog.hotelcontinental.com\/wp-content\/uploads\/2026\/08\/image-8-480x320.png 480w\" sizes=\"(min-width: 0px) and (max-width: 480px) 480px, (min-width: 481px) and (max-width: 980px) 980px, (min-width: 981px) 1024px, 100vw\" \/><\/figure>\n\n\n\n<h3 class=\"wp-block-heading\"><strong>Una ciudad que lleva el arte en su ADN<\/strong><\/h3>\n\n\n\n<p>La importancia de la cultura en Barcelona no es un fen\u00f3meno reciente ni una etiqueta de marketing tur\u00edstico: es una tradici\u00f3n que se remonta a finales del siglo XIX. La Sala Par\u00e9s, en el Barrio G\u00f3tico, abri\u00f3 sus puertas como galer\u00eda en 1877, tras funcionar como tienda de material art\u00edstico desde 1840, se convirti\u00f3 en la primera galer\u00eda de Espa\u00f1a y en el escaparate donde expusieron Rusi\u00f1ol, Casas o Nonell durante el Modernismo. Fue tambi\u00e9n, en 1901, el lugar donde un jovenc\u00edsimo Pablo Picasso present\u00f3 su primera exposici\u00f3n individual. Esa misma vocaci\u00f3n de convertir el arte en parte de la vida cotidiana de nuestra querida Barcelona, y no en un privilegio reservado a unos pocos, es la que hoy conecta aquella Barcelona de la Febre d&#8217;Or con el esp\u00edritu abierto y gratuito del Gallery Weekend.<\/p>\n\n\n\n<h3 class=\"wp-block-heading\"><strong>Le esperamos para hacer su estancia perfecta<\/strong><\/h3>\n\n\n\n<p>Para quienes visiten la ciudad estos d\u00edas con ganas de arte, cultura y paseo, alojarse en nuestro hotel significa tener el Gallery Weekend al alcance de la mano.<\/p>\n\n\n\n<p>Aproveche esta ocasi\u00f3n para disfrutar un septiembre art\u00edstico, original y enriquecedor para todos sus sentidos.<\/p>\n\n\n\n<p>Recuerde hacer su <a href=\"https:\/\/www.hotelcontinental.com\/hotel-continental-palacete\">reserva de forma directa aqu\u00ed<\/a> para beneficiarse del mejor precio y condiciones.<\/p>","protected":false},"excerpt":{"rendered":"<p>25 Galer\u00edas, m\u00e1s de 50 artistas y una ciudad entera como escenario del arte contempor\u00e1neo Cada septiembre, Barcelona vive un fin de semana en el que las fronteras entre barrios se difuminan y el arte contempor\u00e1neo se convierte en protagonista. Del 17 al 20 de septiembre, la ciudad celebra la 12\u00aa edici\u00f3n del Barcelona Gallery [&hellip;]<\/p>\n","protected":false},"author":2,"featured_media":9777,"comment_status":"open","ping_status":"closed","sticky":false,"template":"","format":"standard","meta":{"_et_pb_use_builder":"off","_et_pb_old_content":"","_et_gb_content_width":"","_monsterinsights_skip_tracking":false,"_jetpack_newsletter_access":"","_jetpack_dont_email_post_to_subs":true,"_jetpack_newsletter_tier_id":0,"_jetpack_memberships_contains_paywalled_content":false,"_jetpack_feature_clip_id":0,"_jetpack_memberships_contains_paid_content":false,"footnotes":"","jetpack_publicize_message":"","jetpack_publicize_feature_enabled":true,"jetpack_social_post_already_shared":false,"jetpack_social_options":{"image_generator_settings":{"template":"highway","default_image_id":0,"font":"","enabled":false},"version":2},"jetpack_post_was_ever_published":false},"categories":[1,15,3],"tags":[57,347,1046,1047,350,348],"class_list":["post-9774","post","type-post","status-publish","format-standard","has-post-thumbnail","hentry","category-barcelona","category-culture","category-hotel-continental","tag-agenda-barcelona","tag-barcelona","tag-barcelona-gallery-weekend","tag-contemporary-art","tag-culture","tag-hotel-continental"],"yoast_head":"<!-- This site is optimized with the Yoast SEO plugin v28.3 - https:\/\/yoast.com\/product\/yoast-seo-wordpress\/ -->\n<title>Barcelona Gallery Weekend 2026: the city welcomes this art event<\/title>\n<meta name=\"description\" content=\"Discover Barcelona Gallery Weekend 2026: 25 galleries, free entry, Sept 17\u201320. Stay at Hotel Continental Palacete\" \/>\n<meta name=\"robots\" content=\"index, follow, max-snippet:-1, max-image-preview:large, max-video-preview:-1\" \/>\n<link rel=\"canonical\" href=\"https:\/\/blog.hotelcontinental.com\/es\/barcelona-gallery-weekend-2026-the-city-becomes-one-great-art-gallery\/\" \/>\n<meta property=\"og:locale\" content=\"es_ES\" \/>\n<meta property=\"og:type\" content=\"article\" \/>\n<meta property=\"og:title\" content=\"Barcelona Gallery Weekend 2026: the city welcomes this art event\" \/>\n<meta property=\"og:description\" content=\"Discover Barcelona Gallery Weekend 2026: 25 galleries, free entry, Sept 17\u201320. Stay at Hotel Continental Palacete\" \/>\n<meta property=\"og:url\" content=\"https:\/\/blog.hotelcontinental.com\/es\/barcelona-gallery-weekend-2026-the-city-becomes-one-great-art-gallery\/\" \/>\n<meta property=\"og:site_name\" content=\"Hotel Continental Barcelona\" \/>\n<meta property=\"article:published_time\" content=\"2026-08-31T09:12:47+00:00\" \/>\n<meta property=\"article:modified_time\" content=\"2026-08-31T09:12:52+00:00\" \/>\n<meta property=\"og:image\" content=\"https:\/\/blog.hotelcontinental.com\/wp-content\/uploads\/2026\/08\/image-6.png\" \/>\n\t<meta property=\"og:image:width\" content=\"1200\" \/>\n\t<meta property=\"og:image:height\" content=\"630\" \/>\n\t<meta property=\"og:image:type\" content=\"image\/png\" \/>\n<meta name=\"author\" content=\"Hotel Continental\" \/>\n<meta name=\"twitter:card\" content=\"summary_large_image\" \/>\n<meta name=\"twitter:label1\" content=\"Escrito por\" \/>\n\t<meta name=\"twitter:data1\" content=\"Hotel Continental\" \/>\n\t<meta name=\"twitter:label2\" content=\"Tiempo de lectura\" \/>\n\t<meta name=\"twitter:data2\" content=\"4 minutos\" \/>\n<script type=\"application\/ld+json\" class=\"yoast-schema-graph\">{\"@context\":\"https:\\\/\\\/schema.org\",\"@graph\":[{\"@type\":\"Article\",\"@id\":\"https:\\\/\\\/blog.hotelcontinental.com\\\/barcelona-gallery-weekend-2026-the-city-becomes-one-great-art-gallery\\\/#article\",\"isPartOf\":{\"@id\":\"https:\\\/\\\/blog.hotelcontinental.com\\\/barcelona-gallery-weekend-2026-the-city-becomes-one-great-art-gallery\\\/\"},\"author\":{\"name\":\"Hotel Continental\",\"@id\":\"https:\\\/\\\/blog.hotelcontinental.com\\\/#\\\/schema\\\/person\\\/03c12ee558f9b4d2ed1d6d86f48411ba\"},\"headline\":\"Barcelona Gallery Weekend 2026: la ciudad se convierte en una gran galer\u00eda de arte\",\"datePublished\":\"2026-08-31T09:12:47+00:00\",\"dateModified\":\"2026-08-31T09:12:52+00:00\",\"mainEntityOfPage\":{\"@id\":\"https:\\\/\\\/blog.hotelcontinental.com\\\/barcelona-gallery-weekend-2026-the-city-becomes-one-great-art-gallery\\\/\"},\"wordCount\":1309,\"commentCount\":0,\"image\":{\"@id\":\"https:\\\/\\\/blog.hotelcontinental.com\\\/barcelona-gallery-weekend-2026-the-city-becomes-one-great-art-gallery\\\/#primaryimage\"},\"thumbnailUrl\":\"https:\\\/\\\/blog.hotelcontinental.com\\\/wp-content\\\/uploads\\\/2026\\\/08\\\/image-6.png\",\"keywords\":[\"Agenda Barcelona\",\"Barcelona\",\"Barcelona Gallery Weekend\",\"Contemporary Art\",\"Culture\",\"Hotel Continental\"],\"articleSection\":[\"Barcelona\",\"Culture\",\"Hotel Continental\"],\"inLanguage\":\"es\",\"potentialAction\":[{\"@type\":\"CommentAction\",\"name\":\"Comment\",\"target\":[\"https:\\\/\\\/blog.hotelcontinental.com\\\/barcelona-gallery-weekend-2026-the-city-becomes-one-great-art-gallery\\\/#respond\"]}]},{\"@type\":\"WebPage\",\"@id\":\"https:\\\/\\\/blog.hotelcontinental.com\\\/es\\\/barcelona-gallery-weekend-2026-the-city-becomes-one-great-art-gallery\\\/\",\"url\":\"https:\\\/\\\/blog.hotelcontinental.com\\\/es\\\/barcelona-gallery-weekend-2026-the-city-becomes-one-great-art-gallery\\\/\",\"name\":\"Barcelona Gallery Weekend 2026: the city welcomes this art event\",\"isPartOf\":{\"@id\":\"https:\\\/\\\/blog.hotelcontinental.com\\\/es\\\/#website\"},\"primaryImageOfPage\":{\"@id\":\"https:\\\/\\\/blog.hotelcontinental.com\\\/es\\\/barcelona-gallery-weekend-2026-the-city-becomes-one-great-art-gallery\\\/#primaryimage\"},\"image\":{\"@id\":\"https:\\\/\\\/blog.hotelcontinental.com\\\/barcelona-gallery-weekend-2026-the-city-becomes-one-great-art-gallery\\\/#primaryimage\"},\"thumbnailUrl\":\"https:\\\/\\\/blog.hotelcontinental.com\\\/wp-content\\\/uploads\\\/2026\\\/08\\\/image-6.png\",\"datePublished\":\"2026-08-31T09:12:47+00:00\",\"dateModified\":\"2026-08-31T09:12:52+00:00\",\"author\":{\"@id\":\"https:\\\/\\\/blog.hotelcontinental.com\\\/#\\\/schema\\\/person\\\/03c12ee558f9b4d2ed1d6d86f48411ba\"},\"description\":\"Discover Barcelona Gallery Weekend 2026: 25 galleries, free entry, Sept 17\u201320. Stay at Hotel Continental Palacete\",\"breadcrumb\":{\"@id\":\"https:\\\/\\\/blog.hotelcontinental.com\\\/es\\\/barcelona-gallery-weekend-2026-the-city-becomes-one-great-art-gallery\\\/#breadcrumb\"},\"inLanguage\":\"es\",\"potentialAction\":[{\"@type\":\"ReadAction\",\"target\":[[\"https:\\\/\\\/blog.hotelcontinental.com\\\/es\\\/barcelona-gallery-weekend-2026-the-city-becomes-one-great-art-gallery\\\/\"]]}]},{\"@type\":\"ImageObject\",\"inLanguage\":\"es\",\"@id\":\"https:\\\/\\\/blog.hotelcontinental.com\\\/es\\\/barcelona-gallery-weekend-2026-the-city-becomes-one-great-art-gallery\\\/#primaryimage\",\"url\":\"https:\\\/\\\/blog.hotelcontinental.com\\\/wp-content\\\/uploads\\\/2026\\\/08\\\/image-6.png\",\"contentUrl\":\"https:\\\/\\\/blog.hotelcontinental.com\\\/wp-content\\\/uploads\\\/2026\\\/08\\\/image-6.png\",\"width\":1200,\"height\":630},{\"@type\":\"BreadcrumbList\",\"@id\":\"https:\\\/\\\/blog.hotelcontinental.com\\\/es\\\/barcelona-gallery-weekend-2026-the-city-becomes-one-great-art-gallery\\\/#breadcrumb\",\"itemListElement\":[{\"@type\":\"ListItem\",\"position\":1,\"name\":\"Home\",\"item\":\"https:\\\/\\\/blog.hotelcontinental.com\\\/es\\\/\"},{\"@type\":\"ListItem\",\"position\":2,\"name\":\"Barcelona Gallery Weekend 2026: the city becomes one great art gallery\"}]},{\"@type\":\"WebSite\",\"@id\":\"https:\\\/\\\/blog.hotelcontinental.com\\\/es\\\/#website\",\"url\":\"https:\\\/\\\/blog.hotelcontinental.com\\\/es\\\/\",\"name\":\"Hotel Continental Barcelona\",\"description\":\"Dos hoteles emblem\u00e1ticos en el centro de Barcelona.\",\"potentialAction\":[{\"@type\":\"SearchAction\",\"target\":{\"@type\":\"EntryPoint\",\"urlTemplate\":\"https:\\\/\\\/blog.hotelcontinental.com\\\/es\\\/?s={search_term_string}\"},\"query-input\":{\"@type\":\"PropertyValueSpecification\",\"valueRequired\":true,\"valueName\":\"search_term_string\"}}],\"inLanguage\":\"es\"},{\"@type\":\"Person\",\"@id\":\"https:\\\/\\\/blog.hotelcontinental.com\\\/#\\\/schema\\\/person\\\/03c12ee558f9b4d2ed1d6d86f48411ba\",\"name\":\"Hotel Continental\",\"image\":{\"@type\":\"ImageObject\",\"inLanguage\":\"es\",\"@id\":\"https:\\\/\\\/secure.gravatar.com\\\/avatar\\\/e732cb9f84f35036d4c926c356409ff2ba1d4205b86c3d6ce43f4125cafefb5b?s=96&d=robohash&r=g\",\"url\":\"https:\\\/\\\/secure.gravatar.com\\\/avatar\\\/e732cb9f84f35036d4c926c356409ff2ba1d4205b86c3d6ce43f4125cafefb5b?s=96&d=robohash&r=g\",\"contentUrl\":\"https:\\\/\\\/secure.gravatar.com\\\/avatar\\\/e732cb9f84f35036d4c926c356409ff2ba1d4205b86c3d6ce43f4125cafefb5b?s=96&d=robohash&r=g\",\"caption\":\"Hotel Continental\"},\"url\":\"https:\\\/\\\/blog.hotelcontinental.com\\\/es\\\/author\\\/malagarriga\\\/\"}]}<\/script>\n<!-- \/ Yoast SEO plugin. -->","yoast_head_json":{"title":"Barcelona Gallery Weekend 2026: the city welcomes this art event","description":"Discover Barcelona Gallery Weekend 2026: 25 galleries, free entry, Sept 17\u201320. Stay at Hotel Continental Palacete","robots":{"index":"index","follow":"follow","max-snippet":"max-snippet:-1","max-image-preview":"max-image-preview:large","max-video-preview":"max-video-preview:-1"},"canonical":"https:\/\/blog.hotelcontinental.com\/es\/barcelona-gallery-weekend-2026-the-city-becomes-one-great-art-gallery\/","og_locale":"es_ES","og_type":"article","og_title":"Barcelona Gallery Weekend 2026: the city welcomes this art event","og_description":"Discover Barcelona Gallery Weekend 2026: 25 galleries, free entry, Sept 17\u201320. Stay at Hotel Continental Palacete","og_url":"https:\/\/blog.hotelcontinental.com\/es\/barcelona-gallery-weekend-2026-the-city-becomes-one-great-art-gallery\/","og_site_name":"Hotel Continental Barcelona","article_published_time":"2026-08-31T09:12:47+00:00","article_modified_time":"2026-08-31T09:12:52+00:00","og_image":[{"width":1200,"height":630,"url":"https:\/\/blog.hotelcontinental.com\/wp-content\/uploads\/2026\/08\/image-6.png","type":"image\/png"}],"author":"Hotel Continental","twitter_card":"summary_large_image","twitter_misc":{"Escrito por":"Hotel Continental","Tiempo de lectura":"4 minutos"},"schema":{"@context":"https:\/\/schema.org","@graph":[{"@type":"Article","@id":"https:\/\/blog.hotelcontinental.com\/barcelona-gallery-weekend-2026-the-city-becomes-one-great-art-gallery\/#article","isPartOf":{"@id":"https:\/\/blog.hotelcontinental.com\/barcelona-gallery-weekend-2026-the-city-becomes-one-great-art-gallery\/"},"author":{"name":"Hotel Continental","@id":"https:\/\/blog.hotelcontinental.com\/#\/schema\/person\/03c12ee558f9b4d2ed1d6d86f48411ba"},"headline":"Barcelona Gallery Weekend 2026: la ciudad se convierte en una gran galer\u00eda de arte","datePublished":"2026-08-31T09:12:47+00:00","dateModified":"2026-08-31T09:12:52+00:00","mainEntityOfPage":{"@id":"https:\/\/blog.hotelcontinental.com\/barcelona-gallery-weekend-2026-the-city-becomes-one-great-art-gallery\/"},"wordCount":1309,"commentCount":0,"image":{"@id":"https:\/\/blog.hotelcontinental.com\/barcelona-gallery-weekend-2026-the-city-becomes-one-great-art-gallery\/#primaryimage"},"thumbnailUrl":"https:\/\/blog.hotelcontinental.com\/wp-content\/uploads\/2026\/08\/image-6.png","keywords":["Agenda Barcelona","Barcelona","Barcelona Gallery Weekend","Contemporary Art","Culture","Hotel Continental"],"articleSection":["Barcelona","Culture","Hotel Continental"],"inLanguage":"es","potentialAction":[{"@type":"CommentAction","name":"Comment","target":["https:\/\/blog.hotelcontinental.com\/barcelona-gallery-weekend-2026-the-city-becomes-one-great-art-gallery\/#respond"]}]},{"@type":"WebPage","@id":"https:\/\/blog.hotelcontinental.com\/es\/barcelona-gallery-weekend-2026-the-city-becomes-one-great-art-gallery\/","url":"https:\/\/blog.hotelcontinental.com\/es\/barcelona-gallery-weekend-2026-the-city-becomes-one-great-art-gallery\/","name":"Barcelona Gallery Weekend 2026: the city welcomes this art event","isPartOf":{"@id":"https:\/\/blog.hotelcontinental.com\/es\/#website"},"primaryImageOfPage":{"@id":"https:\/\/blog.hotelcontinental.com\/es\/barcelona-gallery-weekend-2026-the-city-becomes-one-great-art-gallery\/#primaryimage"},"image":{"@id":"https:\/\/blog.hotelcontinental.com\/barcelona-gallery-weekend-2026-the-city-becomes-one-great-art-gallery\/#primaryimage"},"thumbnailUrl":"https:\/\/blog.hotelcontinental.com\/wp-content\/uploads\/2026\/08\/image-6.png","datePublished":"2026-08-31T09:12:47+00:00","dateModified":"2026-08-31T09:12:52+00:00","author":{"@id":"https:\/\/blog.hotelcontinental.com\/#\/schema\/person\/03c12ee558f9b4d2ed1d6d86f48411ba"},"description":"Discover Barcelona Gallery Weekend 2026: 25 galleries, free entry, Sept 17\u201320. Stay at Hotel Continental Palacete","breadcrumb":{"@id":"https:\/\/blog.hotelcontinental.com\/es\/barcelona-gallery-weekend-2026-the-city-becomes-one-great-art-gallery\/#breadcrumb"},"inLanguage":"es","potentialAction":[{"@type":"ReadAction","target":[["https:\/\/blog.hotelcontinental.com\/es\/barcelona-gallery-weekend-2026-the-city-becomes-one-great-art-gallery\/"]]}]},{"@type":"ImageObject","inLanguage":"es","@id":"https:\/\/blog.hotelcontinental.com\/es\/barcelona-gallery-weekend-2026-the-city-becomes-one-great-art-gallery\/#primaryimage","url":"https:\/\/blog.hotelcontinental.com\/wp-content\/uploads\/2026\/08\/image-6.png","contentUrl":"https:\/\/blog.hotelcontinental.com\/wp-content\/uploads\/2026\/08\/image-6.png","width":1200,"height":630},{"@type":"BreadcrumbList","@id":"https:\/\/blog.hotelcontinental.com\/es\/barcelona-gallery-weekend-2026-the-city-becomes-one-great-art-gallery\/#breadcrumb","itemListElement":[{"@type":"ListItem","position":1,"name":"Home","item":"https:\/\/blog.hotelcontinental.com\/es\/"},{"@type":"ListItem","position":2,"name":"Barcelona Gallery Weekend 2026: the city becomes one great art gallery"}]},{"@type":"WebSite","@id":"https:\/\/blog.hotelcontinental.com\/es\/#website","url":"https:\/\/blog.hotelcontinental.com\/es\/","name":"Hotel Continental Barcelona","description":"Dos hoteles emblem\u00e1ticos en el centro de Barcelona.","potentialAction":[{"@type":"SearchAction","target":{"@type":"EntryPoint","urlTemplate":"https:\/\/blog.hotelcontinental.com\/es\/?s={search_term_string}"},"query-input":{"@type":"PropertyValueSpecification","valueRequired":true,"valueName":"search_term_string"}}],"inLanguage":"es"},{"@type":"Person","@id":"https:\/\/blog.hotelcontinental.com\/#\/schema\/person\/03c12ee558f9b4d2ed1d6d86f48411ba","name":"Hotel Continental","image":{"@type":"ImageObject","inLanguage":"es","@id":"https:\/\/secure.gravatar.com\/avatar\/e732cb9f84f35036d4c926c356409ff2ba1d4205b86c3d6ce43f4125cafefb5b?s=96&d=robohash&r=g","url":"https:\/\/secure.gravatar.com\/avatar\/e732cb9f84f35036d4c926c356409ff2ba1d4205b86c3d6ce43f4125cafefb5b?s=96&d=robohash&r=g","contentUrl":"https:\/\/secure.gravatar.com\/avatar\/e732cb9f84f35036d4c926c356409ff2ba1d4205b86c3d6ce43f4125cafefb5b?s=96&d=robohash&r=g","caption":"Hotel Continental"},"url":"https:\/\/blog.hotelcontinental.com\/es\/author\/malagarriga\/"}]}},"jetpack_publicize_connections":[],"jetpack_sharing_enabled":true,"jetpack_shortlink":"https:\/\/wp.me\/p8jyDf-2xE","jetpack_featured_media_url":"https:\/\/blog.hotelcontinental.com\/wp-content\/uploads\/2026\/08\/image-6.png","_links":{"self":[{"href":"https:\/\/blog.hotelcontinental.com\/es\/wp-json\/wp\/v2\/posts\/9774","targetHints":{"allow":["GET"]}}],"collection":[{"href":"https:\/\/blog.hotelcontinental.com\/es\/wp-json\/wp\/v2\/posts"}],"about":[{"href":"https:\/\/blog.hotelcontinental.com\/es\/wp-json\/wp\/v2\/types\/post"}],"author":[{"embeddable":true,"href":"https:\/\/blog.hotelcontinental.com\/es\/wp-json\/wp\/v2\/users\/2"}],"replies":[{"embeddable":true,"href":"https:\/\/blog.hotelcontinental.com\/es\/wp-json\/wp\/v2\/comments?post=9774"}],"version-history":[{"count":5,"href":"https:\/\/blog.hotelcontinental.com\/es\/wp-json\/wp\/v2\/posts\/9774\/revisions"}],"predecessor-version":[{"id":9782,"href":"https:\/\/blog.hotelcontinental.com\/es\/wp-json\/wp\/v2\/posts\/9774\/revisions\/9782"}],"wp:featuredmedia":[{"embeddable":true,"href":"https:\/\/blog.hotelcontinental.com\/es\/wp-json\/wp\/v2\/media\/9777"}],"wp:attachment":[{"href":"https:\/\/blog.hotelcontinental.com\/es\/wp-json\/wp\/v2\/media?parent=9774"}],"wp:term":[{"taxonomy":"category","embeddable":true,"href":"https:\/\/blog.hotelcontinental.com\/es\/wp-json\/wp\/v2\/categories?post=9774"},{"taxonomy":"post_tag","embeddable":true,"href":"https:\/\/blog.hotelcontinental.com\/es\/wp-json\/wp\/v2\/tags?post=9774"}],"curies":[{"name":"wp","href":"https:\/\/api.w.org\/{rel}","templated":true}]}}