{"id":9597,"date":"2026-05-01T16:33:21","date_gmt":"2026-05-01T15:33:21","guid":{"rendered":"https:\/\/blog.hotelcontinental.com\/?p=9597"},"modified":"2026-05-01T16:33:24","modified_gmt":"2026-05-01T15:33:24","slug":"la-font-de-prades-catalan-tradition-in-the-heart-of-poble-espanyol","status":"publish","type":"post","link":"https:\/\/blog.hotelcontinental.com\/es\/la-font-de-prades-catalan-tradition-in-the-heart-of-poble-espanyol\/","title":{"rendered":"La Font de Prades: tradici\u00f3n catalana en el coraz\u00f3n del Pueblo Espa\u00f1ol"},"content":{"rendered":"<h3 class=\"wp-block-heading\"><strong>Una experiencia gastron\u00f3mica con alma catalana<\/strong><\/h3>\n\n\n\n<p>En Barcelona, la gastronom\u00eda es un gran signo de identidad, cultura y encuentro. La cocina mediterr\u00e1nea, el aceite de oliva, el \u201cpa amb tomaquet\u201d con o sin ajo\u2026 son algunas de las recetas que s\u00ed o s\u00ed, el visitante tiene que disfrutar.<\/p>\n\n\n\n<p>Si desea vivir una experiencia aut\u00e9nticamente de cocina catalana en un entorno \u00fanico, el restaurante <a href=\"https:\/\/www.lafontdeprades.cat\/\">La Font de Prades<\/a> es una excelente elecci\u00f3n.<\/p>\n\n\n\n<p>Ubicado en el interior del Poble Espanyol, en la monta\u00f1a de Montju\u00efc, este restaurante ofrece una inmersi\u00f3n un espacio de cocina catalana tradicional donde se respira familia, historia y encanto. Quiz\u00e1s por ello es por lo que nos apreciamos tanto mutuamente\u2026&nbsp;&nbsp;<\/p>\n\n\n\n<h3 class=\"wp-block-heading\"><strong>Un v\u00ednculo especial con historia y tradici\u00f3n<\/strong><\/h3>\n\n\n\n<p>La Font de Prades es, adem\u00e1s, un lugar al que le tenemos un cari\u00f1o muy especial, fruto de una relaci\u00f3n de muchos a\u00f1os vinculada a la Cofrad\u00eda de Santa Marta, patrona de la hosteler\u00eda.<\/p>\n\n\n\n<p>Cada a\u00f1o, con motivo de su festividad, se celebra una misa en la emblem\u00e1tica Bas\u00edlica de Santa Mar\u00eda del Mar, donde se encuentra su altar. Posteriormente, tiene lugar una cena de \u201cgermanor\u201d que, en muchas ocasiones, se ha celebrado en La Font de Prades, consolidando este espacio como punto de encuentro para profesionales del sector y personas unidas por valores compartidos.<\/p>\n\n\n\n<figure class=\"wp-block-image size-full\"><img loading=\"lazy\" decoding=\"async\" width=\"980\" height=\"552\" src=\"https:\/\/blog.hotelcontinental.com\/wp-content\/uploads\/2026\/05\/image-8.png\" alt=\"\" class=\"wp-image-9608\" srcset=\"https:\/\/blog.hotelcontinental.com\/wp-content\/uploads\/2026\/05\/image-8.png 980w, https:\/\/blog.hotelcontinental.com\/wp-content\/uploads\/2026\/05\/image-8-480x270.png 480w\" sizes=\"(min-width: 0px) and (max-width: 480px) 480px, (min-width: 481px) 980px, 100vw\" \/><\/figure>\n\n\n\n<h3 class=\"wp-block-heading\"><strong>El Pueblo Espa\u00f1ol: un entorno \u00fanico para disfrutar sin prisas<\/strong><\/h3>\n\n\n\n<p>Uno de los grandes atractivos de La Font de Prades es su agradable terraza, arbolada y situada en un rinc\u00f3n de calma dentro del recinto. En el centro de este espacio se encuentra la fiel reproducci\u00f3n de la fuente de Prades, localidad tarraconense que da nombre al restaurante.<\/p>\n\n\n\n<p>Disfrutar de este entorno es un aut\u00e9ntico lujo: un espacio sin coches, donde la tranquilidad y la paz invitan a desconectar del ritmo urbano y a vivir un momento reparador en un ambiente singular.<\/p>\n\n\n\n<p>Adem\u00e1s, si reserva en el restaurante, <strong>la entrada al Pueblo Espa\u00f1ol es gratuita<\/strong>, lo que convierte la experiencia en una propuesta cultural y gastron\u00f3mica completa.<\/p>\n\n\n\n<figure class=\"wp-block-image size-full is-resized\"><img loading=\"lazy\" decoding=\"async\" width=\"556\" height=\"370\" src=\"https:\/\/blog.hotelcontinental.com\/wp-content\/uploads\/2026\/05\/image-9.png\" alt=\"\" class=\"wp-image-9609\" style=\"width:805px;height:auto\" srcset=\"https:\/\/blog.hotelcontinental.com\/wp-content\/uploads\/2026\/05\/image-9.png 556w, https:\/\/blog.hotelcontinental.com\/wp-content\/uploads\/2026\/05\/image-9-480x319.png 480w\" sizes=\"(min-width: 0px) and (max-width: 480px) 480px, (min-width: 481px) 556px, 100vw\" \/><\/figure>\n\n\n\n<h3 class=\"wp-block-heading\"><strong>Cocina catalana tradicional con sabor aut\u00e9ntico<\/strong><\/h3>\n\n\n\n<p>La propuesta gastron\u00f3mica se basa en la cocina catalana de siempre, elaborada con productos de proximidad y recetas tradicionales:<\/p>\n\n\n\n<ul class=\"wp-block-list\">\n<li>Carnes a la brasa<\/li>\n\n\n\n<li>Cal\u00e7ots en temporada (entre finales de marzo y finales de abril)<\/li>\n\n\n\n<li>Embutidos y quesos locales<\/li>\n\n\n\n<li>Platos como la escalivada o el fricand\u00f3<\/li>\n\n\n\n<li>Postres como la crema catalana, simplemente, \u00a1buen\u00edsima!<\/li>\n<\/ul>\n\n\n\n<p>Todo ello en un ambiente acogedor que evoca la esencia de una mas\u00eda tradicional, la construcci\u00f3n rural t\u00edpicamente catalana.<\/p>\n\n\n\n<figure class=\"wp-block-image size-full is-resized\"><img loading=\"lazy\" decoding=\"async\" width=\"575\" height=\"337\" src=\"https:\/\/blog.hotelcontinental.com\/wp-content\/uploads\/2026\/05\/image-10.png\" alt=\"\" class=\"wp-image-9610\" style=\"width:817px;height:auto\" srcset=\"https:\/\/blog.hotelcontinental.com\/wp-content\/uploads\/2026\/05\/image-10.png 575w, https:\/\/blog.hotelcontinental.com\/wp-content\/uploads\/2026\/05\/image-10-480x281.png 480w\" sizes=\"(min-width: 0px) and (max-width: 480px) 480px, (min-width: 481px) 575px, 100vw\" \/><\/figure>\n\n\n\n<h3 class=\"wp-block-heading\"><strong>Muy cerca: arte y pasi\u00f3n en el Tablao de Carmen<\/strong><\/h3>\n\n\n\n<p>A pocos pasos, merece tambi\u00e9n una visita el <a href=\"https:\/\/tablaodecarmen.com\/\">Tablao de Carmen<\/a>, uno de los espacios m\u00e1s emblem\u00e1ticos del flamenco en la ciudad.<\/p>\n\n\n\n<p>Fundado en homenaje a la m\u00edtica bailaora <a href=\"https:\/\/es.wikipedia.org\/wiki\/Carmen_Amaya\">Carmen Amaya<\/a>, este tablao mantiene viva la esencia del flamenco m\u00e1s aut\u00e9ntico en un entorno \u00edntimo y cuidado. Est\u00e1 regentado por la misma familia desde sus inicios, lo que le confiere un car\u00e1cter cercano y genuino.<\/p>\n\n\n\n<p>Su patio andaluz y su historia lo convierten en un rinc\u00f3n muy especial dentro del Pueblo Espa\u00f1ol. Un espacio donde la m\u00fasica, el baile y la emoci\u00f3n crean una experiencia cultural intensa y memorable.<\/p>\n\n\n\n<figure class=\"wp-block-image size-full\"><img loading=\"lazy\" decoding=\"async\" width=\"848\" height=\"565\" src=\"https:\/\/blog.hotelcontinental.com\/wp-content\/uploads\/2026\/05\/image-11.png\" alt=\"\" class=\"wp-image-9611\" srcset=\"https:\/\/blog.hotelcontinental.com\/wp-content\/uploads\/2026\/05\/image-11.png 848w, https:\/\/blog.hotelcontinental.com\/wp-content\/uploads\/2026\/05\/image-11-480x320.png 480w\" sizes=\"(min-width: 0px) and (max-width: 480px) 480px, (min-width: 481px) 848px, 100vw\" \/><\/figure>\n\n\n\n<h3 class=\"wp-block-heading\"><strong>Informaci\u00f3n pr\u00e1ctica para planificar su visita<\/strong><\/h3>\n\n\n\n<ul class=\"wp-block-list\">\n<li><strong>Ubicaci\u00f3n:<\/strong> interior del Pueblo Espa\u00f1ol, Montju\u00efc<\/li>\n\n\n\n<li><strong>Acceso:<\/strong> metro hasta Plaza de Espa\u00f1a y agradable paseo<\/li>\n\n\n\n<li><strong>Recomendaci\u00f3n:<\/strong> reservar con antelaci\u00f3n:\n<ul class=\"wp-block-list\">\n<li><a href=\"https:\/\/www.lafontdeprades.cat\/\">Font de Prades<\/a><\/li>\n\n\n\n<li><a href=\"https:\/\/tablaodecarmen.com\/\">Tablao de Carmen<\/a><\/li>\n<\/ul>\n<\/li>\n\n\n\n<li><strong>Consejo:<\/strong> combinar gastronom\u00eda, paseo y espect\u00e1culo en una misma visita, lo va a disfrutar, tanto si va solo\/a como en compa\u00f1\u00eda!<\/li>\n<\/ul>\n\n\n\n<figure class=\"wp-block-image size-full\"><img loading=\"lazy\" decoding=\"async\" width=\"980\" height=\"552\" src=\"https:\/\/blog.hotelcontinental.com\/wp-content\/uploads\/2026\/05\/image-12.png\" alt=\"\" class=\"wp-image-9612\" srcset=\"https:\/\/blog.hotelcontinental.com\/wp-content\/uploads\/2026\/05\/image-12.png 980w, https:\/\/blog.hotelcontinental.com\/wp-content\/uploads\/2026\/05\/image-12-480x270.png 480w\" sizes=\"(min-width: 0px) and (max-width: 480px) 480px, (min-width: 481px) 980px, 100vw\" \/><\/figure>\n\n\n\n<h3 class=\"wp-block-heading\"><strong>Nos encanta servir para que su estancia sea memorable<\/strong><\/h3>\n\n\n\n<p>Una invitaci\u00f3n a saborear y sentir Barcelona, esperamos que lo disfrute y recuerde, cualquier informaci\u00f3n adicional que necesite, desde el Hotel Continental Barcelona y del Continental Palacete estaremos encantados de servirle. Nos encanta convertir su estancia en Barcelona en un recuerdo memorable y enriquecedor para siempre.<\/p>\n\n\n\n<p>\u00a1Muchas gracias por leernos y hasta pronto!<br><br><\/p>","protected":false},"excerpt":{"rendered":"<p>Una experiencia gastron\u00f3mica con alma catalana En Barcelona, la gastronom\u00eda es un gran signo de identidad, cultura y encuentro. La cocina mediterr\u00e1nea, el aceite de oliva, el \u201cpa amb tomaquet\u201d con o sin ajo\u2026 son algunas de las recetas que s\u00ed o s\u00ed, el visitante tiene que disfrutar. Si desea vivir una experiencia aut\u00e9nticamente de [&hellip;]<\/p>\n","protected":false},"author":2,"featured_media":9606,"comment_status":"open","ping_status":"closed","sticky":false,"template":"","format":"standard","meta":{"_et_pb_use_builder":"off","_et_pb_old_content":"","_et_gb_content_width":"","_monsterinsights_skip_tracking":false,"_monsterinsights_sitenote_active":false,"_monsterinsights_sitenote_note":"","_monsterinsights_sitenote_category":0,"jetpack_post_was_ever_published":false,"_jetpack_newsletter_access":"","_jetpack_dont_email_post_to_subs":true,"_jetpack_newsletter_tier_id":0,"_jetpack_memberships_contains_paywalled_content":false,"_jetpack_memberships_contains_paid_content":false,"footnotes":"","jetpack_publicize_message":"","jetpack_publicize_feature_enabled":true,"jetpack_social_post_already_shared":false,"jetpack_social_options":{"image_generator_settings":{"template":"highway","default_image_id":0,"font":"","enabled":false},"version":2}},"categories":[1,840,3,180],"tags":[347,350,961,348,130],"class_list":["post-9597","post","type-post","status-publish","format-standard","has-post-thumbnail","hentry","category-barcelona","category-food-and-culture","category-hotel-continental","category-restaurant","tag-barcelona","tag-culture","tag-gastronomy","tag-hotel-continental","tag-hotel-continental-barcelona"],"yoast_head":"<!-- This site is optimized with the Yoast SEO plugin v27.4 - https:\/\/yoast.com\/product\/yoast-seo-wordpress\/ -->\n<title>La Font de Prades: Catalan tradition in the heart of Poble Espanyol<\/title>\n<meta name=\"description\" content=\"Discover La Font de Prades in Poble Espanyol, Barcelona. Enjoy authentic Catalan cuisine, and a unique cultural experience on Montju\u00efc.\" \/>\n<meta name=\"robots\" content=\"index, follow, max-snippet:-1, max-image-preview:large, max-video-preview:-1\" \/>\n<link rel=\"canonical\" href=\"https:\/\/blog.hotelcontinental.com\/es\/la-font-de-prades-catalan-tradition-in-the-heart-of-poble-espanyol\/\" \/>\n<meta property=\"og:locale\" content=\"es_ES\" \/>\n<meta property=\"og:type\" content=\"article\" \/>\n<meta property=\"og:title\" content=\"La Font de Prades: Catalan tradition in the heart of Poble Espanyol\" \/>\n<meta property=\"og:description\" content=\"Discover La Font de Prades in Poble Espanyol, Barcelona. Enjoy authentic Catalan cuisine, and a unique cultural experience on Montju\u00efc.\" \/>\n<meta property=\"og:url\" content=\"https:\/\/blog.hotelcontinental.com\/es\/la-font-de-prades-catalan-tradition-in-the-heart-of-poble-espanyol\/\" \/>\n<meta property=\"og:site_name\" content=\"Hotel Continental Barcelona\" \/>\n<meta property=\"article:published_time\" content=\"2026-05-01T15:33:21+00:00\" \/>\n<meta property=\"article:modified_time\" content=\"2026-05-01T15:33:24+00:00\" \/>\n<meta property=\"og:image\" content=\"https:\/\/blog.hotelcontinental.com\/wp-content\/uploads\/2026\/05\/comedor_terrassat_font_prades-18.jpg\" \/>\n\t<meta property=\"og:image:width\" content=\"1102\" \/>\n\t<meta property=\"og:image:height\" content=\"735\" \/>\n\t<meta property=\"og:image:type\" content=\"image\/jpeg\" \/>\n<meta name=\"author\" content=\"Hotel Continental\" \/>\n<meta name=\"twitter:card\" content=\"summary_large_image\" \/>\n<meta name=\"twitter:label1\" content=\"Escrito por\" \/>\n\t<meta name=\"twitter:data1\" content=\"Hotel Continental\" \/>\n\t<meta name=\"twitter:label2\" content=\"Tiempo de lectura\" \/>\n\t<meta name=\"twitter:data2\" content=\"5 minutos\" \/>\n<script type=\"application\/ld+json\" class=\"yoast-schema-graph\">{\"@context\":\"https:\\\/\\\/schema.org\",\"@graph\":[{\"@type\":\"Article\",\"@id\":\"https:\\\/\\\/blog.hotelcontinental.com\\\/la-font-de-prades-catalan-tradition-in-the-heart-of-poble-espanyol\\\/#article\",\"isPartOf\":{\"@id\":\"https:\\\/\\\/blog.hotelcontinental.com\\\/la-font-de-prades-catalan-tradition-in-the-heart-of-poble-espanyol\\\/\"},\"author\":{\"name\":\"Hotel Continental\",\"@id\":\"https:\\\/\\\/blog.hotelcontinental.com\\\/#\\\/schema\\\/person\\\/03c12ee558f9b4d2ed1d6d86f48411ba\"},\"headline\":\"La Font de Prades: tradici\u00f3n catalana en el coraz\u00f3n del Pueblo Espa\u00f1ol\",\"datePublished\":\"2026-05-01T15:33:21+00:00\",\"dateModified\":\"2026-05-01T15:33:24+00:00\",\"mainEntityOfPage\":{\"@id\":\"https:\\\/\\\/blog.hotelcontinental.com\\\/la-font-de-prades-catalan-tradition-in-the-heart-of-poble-espanyol\\\/\"},\"wordCount\":1348,\"commentCount\":0,\"image\":{\"@id\":\"https:\\\/\\\/blog.hotelcontinental.com\\\/la-font-de-prades-catalan-tradition-in-the-heart-of-poble-espanyol\\\/#primaryimage\"},\"thumbnailUrl\":\"https:\\\/\\\/blog.hotelcontinental.com\\\/wp-content\\\/uploads\\\/2026\\\/05\\\/comedor_terrassat_font_prades-18.jpg\",\"keywords\":[\"Barcelona\",\"Culture\",\"Gastronomy\",\"Hotel Continental\",\"hotel continental barcelona\"],\"articleSection\":[\"Barcelona\",\"Food and culture\",\"Hotel Continental\",\"Restaurant\"],\"inLanguage\":\"es\",\"potentialAction\":[{\"@type\":\"CommentAction\",\"name\":\"Comment\",\"target\":[\"https:\\\/\\\/blog.hotelcontinental.com\\\/la-font-de-prades-catalan-tradition-in-the-heart-of-poble-espanyol\\\/#respond\"]}]},{\"@type\":\"WebPage\",\"@id\":\"https:\\\/\\\/blog.hotelcontinental.com\\\/es\\\/la-font-de-prades-catalan-tradition-in-the-heart-of-poble-espanyol\\\/\",\"url\":\"https:\\\/\\\/blog.hotelcontinental.com\\\/es\\\/la-font-de-prades-catalan-tradition-in-the-heart-of-poble-espanyol\\\/\",\"name\":\"La Font de Prades: Catalan tradition in the heart of Poble Espanyol\",\"isPartOf\":{\"@id\":\"https:\\\/\\\/blog.hotelcontinental.com\\\/es\\\/#website\"},\"primaryImageOfPage\":{\"@id\":\"https:\\\/\\\/blog.hotelcontinental.com\\\/es\\\/la-font-de-prades-catalan-tradition-in-the-heart-of-poble-espanyol\\\/#primaryimage\"},\"image\":{\"@id\":\"https:\\\/\\\/blog.hotelcontinental.com\\\/la-font-de-prades-catalan-tradition-in-the-heart-of-poble-espanyol\\\/#primaryimage\"},\"thumbnailUrl\":\"https:\\\/\\\/blog.hotelcontinental.com\\\/wp-content\\\/uploads\\\/2026\\\/05\\\/comedor_terrassat_font_prades-18.jpg\",\"datePublished\":\"2026-05-01T15:33:21+00:00\",\"dateModified\":\"2026-05-01T15:33:24+00:00\",\"author\":{\"@id\":\"https:\\\/\\\/blog.hotelcontinental.com\\\/#\\\/schema\\\/person\\\/03c12ee558f9b4d2ed1d6d86f48411ba\"},\"description\":\"Discover La Font de Prades in Poble Espanyol, Barcelona. Enjoy authentic Catalan cuisine, and a unique cultural experience on Montju\u00efc.\",\"breadcrumb\":{\"@id\":\"https:\\\/\\\/blog.hotelcontinental.com\\\/es\\\/la-font-de-prades-catalan-tradition-in-the-heart-of-poble-espanyol\\\/#breadcrumb\"},\"inLanguage\":\"es\",\"potentialAction\":[{\"@type\":\"ReadAction\",\"target\":[[\"https:\\\/\\\/blog.hotelcontinental.com\\\/es\\\/la-font-de-prades-catalan-tradition-in-the-heart-of-poble-espanyol\\\/\"]]}]},{\"@type\":\"ImageObject\",\"inLanguage\":\"es\",\"@id\":\"https:\\\/\\\/blog.hotelcontinental.com\\\/es\\\/la-font-de-prades-catalan-tradition-in-the-heart-of-poble-espanyol\\\/#primaryimage\",\"url\":\"https:\\\/\\\/blog.hotelcontinental.com\\\/wp-content\\\/uploads\\\/2026\\\/05\\\/comedor_terrassat_font_prades-18.jpg\",\"contentUrl\":\"https:\\\/\\\/blog.hotelcontinental.com\\\/wp-content\\\/uploads\\\/2026\\\/05\\\/comedor_terrassat_font_prades-18.jpg\",\"width\":1102,\"height\":735},{\"@type\":\"BreadcrumbList\",\"@id\":\"https:\\\/\\\/blog.hotelcontinental.com\\\/es\\\/la-font-de-prades-catalan-tradition-in-the-heart-of-poble-espanyol\\\/#breadcrumb\",\"itemListElement\":[{\"@type\":\"ListItem\",\"position\":1,\"name\":\"Home\",\"item\":\"https:\\\/\\\/blog.hotelcontinental.com\\\/es\\\/\"},{\"@type\":\"ListItem\",\"position\":2,\"name\":\"La Font de Prades: tradici\u00f3n catalana en el coraz\u00f3n del Pueblo Espa\u00f1ol\"}]},{\"@type\":\"WebSite\",\"@id\":\"https:\\\/\\\/blog.hotelcontinental.com\\\/es\\\/#website\",\"url\":\"https:\\\/\\\/blog.hotelcontinental.com\\\/es\\\/\",\"name\":\"Hotel Continental Barcelona\",\"description\":\"Dos hoteles emblem\u00e1ticos en el centro de Barcelona.\",\"potentialAction\":[{\"@type\":\"SearchAction\",\"target\":{\"@type\":\"EntryPoint\",\"urlTemplate\":\"https:\\\/\\\/blog.hotelcontinental.com\\\/es\\\/?s={search_term_string}\"},\"query-input\":{\"@type\":\"PropertyValueSpecification\",\"valueRequired\":true,\"valueName\":\"search_term_string\"}}],\"inLanguage\":\"es\"},{\"@type\":\"Person\",\"@id\":\"https:\\\/\\\/blog.hotelcontinental.com\\\/#\\\/schema\\\/person\\\/03c12ee558f9b4d2ed1d6d86f48411ba\",\"name\":\"Hotel Continental\",\"image\":{\"@type\":\"ImageObject\",\"inLanguage\":\"es\",\"@id\":\"https:\\\/\\\/secure.gravatar.com\\\/avatar\\\/e732cb9f84f35036d4c926c356409ff2ba1d4205b86c3d6ce43f4125cafefb5b?s=96&d=robohash&r=g\",\"url\":\"https:\\\/\\\/secure.gravatar.com\\\/avatar\\\/e732cb9f84f35036d4c926c356409ff2ba1d4205b86c3d6ce43f4125cafefb5b?s=96&d=robohash&r=g\",\"contentUrl\":\"https:\\\/\\\/secure.gravatar.com\\\/avatar\\\/e732cb9f84f35036d4c926c356409ff2ba1d4205b86c3d6ce43f4125cafefb5b?s=96&d=robohash&r=g\",\"caption\":\"Hotel Continental\"},\"url\":\"https:\\\/\\\/blog.hotelcontinental.com\\\/es\\\/author\\\/malagarriga\\\/\"}]}<\/script>\n<!-- \/ Yoast SEO plugin. -->","yoast_head_json":{"title":"La Font de Prades: Catalan tradition in the heart of Poble Espanyol","description":"Discover La Font de Prades in Poble Espanyol, Barcelona. Enjoy authentic Catalan cuisine, and a unique cultural experience on Montju\u00efc.","robots":{"index":"index","follow":"follow","max-snippet":"max-snippet:-1","max-image-preview":"max-image-preview:large","max-video-preview":"max-video-preview:-1"},"canonical":"https:\/\/blog.hotelcontinental.com\/es\/la-font-de-prades-catalan-tradition-in-the-heart-of-poble-espanyol\/","og_locale":"es_ES","og_type":"article","og_title":"La Font de Prades: Catalan tradition in the heart of Poble Espanyol","og_description":"Discover La Font de Prades in Poble Espanyol, Barcelona. Enjoy authentic Catalan cuisine, and a unique cultural experience on Montju\u00efc.","og_url":"https:\/\/blog.hotelcontinental.com\/es\/la-font-de-prades-catalan-tradition-in-the-heart-of-poble-espanyol\/","og_site_name":"Hotel Continental Barcelona","article_published_time":"2026-05-01T15:33:21+00:00","article_modified_time":"2026-05-01T15:33:24+00:00","og_image":[{"width":1102,"height":735,"url":"https:\/\/blog.hotelcontinental.com\/wp-content\/uploads\/2026\/05\/comedor_terrassat_font_prades-18.jpg","type":"image\/jpeg"}],"author":"Hotel Continental","twitter_card":"summary_large_image","twitter_misc":{"Escrito por":"Hotel Continental","Tiempo de lectura":"5 minutos"},"schema":{"@context":"https:\/\/schema.org","@graph":[{"@type":"Article","@id":"https:\/\/blog.hotelcontinental.com\/la-font-de-prades-catalan-tradition-in-the-heart-of-poble-espanyol\/#article","isPartOf":{"@id":"https:\/\/blog.hotelcontinental.com\/la-font-de-prades-catalan-tradition-in-the-heart-of-poble-espanyol\/"},"author":{"name":"Hotel Continental","@id":"https:\/\/blog.hotelcontinental.com\/#\/schema\/person\/03c12ee558f9b4d2ed1d6d86f48411ba"},"headline":"La Font de Prades: tradici\u00f3n catalana en el coraz\u00f3n del Pueblo Espa\u00f1ol","datePublished":"2026-05-01T15:33:21+00:00","dateModified":"2026-05-01T15:33:24+00:00","mainEntityOfPage":{"@id":"https:\/\/blog.hotelcontinental.com\/la-font-de-prades-catalan-tradition-in-the-heart-of-poble-espanyol\/"},"wordCount":1348,"commentCount":0,"image":{"@id":"https:\/\/blog.hotelcontinental.com\/la-font-de-prades-catalan-tradition-in-the-heart-of-poble-espanyol\/#primaryimage"},"thumbnailUrl":"https:\/\/blog.hotelcontinental.com\/wp-content\/uploads\/2026\/05\/comedor_terrassat_font_prades-18.jpg","keywords":["Barcelona","Culture","Gastronomy","Hotel Continental","hotel continental barcelona"],"articleSection":["Barcelona","Food and culture","Hotel Continental","Restaurant"],"inLanguage":"es","potentialAction":[{"@type":"CommentAction","name":"Comment","target":["https:\/\/blog.hotelcontinental.com\/la-font-de-prades-catalan-tradition-in-the-heart-of-poble-espanyol\/#respond"]}]},{"@type":"WebPage","@id":"https:\/\/blog.hotelcontinental.com\/es\/la-font-de-prades-catalan-tradition-in-the-heart-of-poble-espanyol\/","url":"https:\/\/blog.hotelcontinental.com\/es\/la-font-de-prades-catalan-tradition-in-the-heart-of-poble-espanyol\/","name":"La Font de Prades: Catalan tradition in the heart of Poble Espanyol","isPartOf":{"@id":"https:\/\/blog.hotelcontinental.com\/es\/#website"},"primaryImageOfPage":{"@id":"https:\/\/blog.hotelcontinental.com\/es\/la-font-de-prades-catalan-tradition-in-the-heart-of-poble-espanyol\/#primaryimage"},"image":{"@id":"https:\/\/blog.hotelcontinental.com\/la-font-de-prades-catalan-tradition-in-the-heart-of-poble-espanyol\/#primaryimage"},"thumbnailUrl":"https:\/\/blog.hotelcontinental.com\/wp-content\/uploads\/2026\/05\/comedor_terrassat_font_prades-18.jpg","datePublished":"2026-05-01T15:33:21+00:00","dateModified":"2026-05-01T15:33:24+00:00","author":{"@id":"https:\/\/blog.hotelcontinental.com\/#\/schema\/person\/03c12ee558f9b4d2ed1d6d86f48411ba"},"description":"Discover La Font de Prades in Poble Espanyol, Barcelona. Enjoy authentic Catalan cuisine, and a unique cultural experience on Montju\u00efc.","breadcrumb":{"@id":"https:\/\/blog.hotelcontinental.com\/es\/la-font-de-prades-catalan-tradition-in-the-heart-of-poble-espanyol\/#breadcrumb"},"inLanguage":"es","potentialAction":[{"@type":"ReadAction","target":[["https:\/\/blog.hotelcontinental.com\/es\/la-font-de-prades-catalan-tradition-in-the-heart-of-poble-espanyol\/"]]}]},{"@type":"ImageObject","inLanguage":"es","@id":"https:\/\/blog.hotelcontinental.com\/es\/la-font-de-prades-catalan-tradition-in-the-heart-of-poble-espanyol\/#primaryimage","url":"https:\/\/blog.hotelcontinental.com\/wp-content\/uploads\/2026\/05\/comedor_terrassat_font_prades-18.jpg","contentUrl":"https:\/\/blog.hotelcontinental.com\/wp-content\/uploads\/2026\/05\/comedor_terrassat_font_prades-18.jpg","width":1102,"height":735},{"@type":"BreadcrumbList","@id":"https:\/\/blog.hotelcontinental.com\/es\/la-font-de-prades-catalan-tradition-in-the-heart-of-poble-espanyol\/#breadcrumb","itemListElement":[{"@type":"ListItem","position":1,"name":"Home","item":"https:\/\/blog.hotelcontinental.com\/es\/"},{"@type":"ListItem","position":2,"name":"La Font de Prades: tradici\u00f3n catalana en el coraz\u00f3n del Pueblo Espa\u00f1ol"}]},{"@type":"WebSite","@id":"https:\/\/blog.hotelcontinental.com\/es\/#website","url":"https:\/\/blog.hotelcontinental.com\/es\/","name":"Hotel Continental Barcelona","description":"Dos hoteles emblem\u00e1ticos en el centro de Barcelona.","potentialAction":[{"@type":"SearchAction","target":{"@type":"EntryPoint","urlTemplate":"https:\/\/blog.hotelcontinental.com\/es\/?s={search_term_string}"},"query-input":{"@type":"PropertyValueSpecification","valueRequired":true,"valueName":"search_term_string"}}],"inLanguage":"es"},{"@type":"Person","@id":"https:\/\/blog.hotelcontinental.com\/#\/schema\/person\/03c12ee558f9b4d2ed1d6d86f48411ba","name":"Hotel Continental","image":{"@type":"ImageObject","inLanguage":"es","@id":"https:\/\/secure.gravatar.com\/avatar\/e732cb9f84f35036d4c926c356409ff2ba1d4205b86c3d6ce43f4125cafefb5b?s=96&d=robohash&r=g","url":"https:\/\/secure.gravatar.com\/avatar\/e732cb9f84f35036d4c926c356409ff2ba1d4205b86c3d6ce43f4125cafefb5b?s=96&d=robohash&r=g","contentUrl":"https:\/\/secure.gravatar.com\/avatar\/e732cb9f84f35036d4c926c356409ff2ba1d4205b86c3d6ce43f4125cafefb5b?s=96&d=robohash&r=g","caption":"Hotel Continental"},"url":"https:\/\/blog.hotelcontinental.com\/es\/author\/malagarriga\/"}]}},"jetpack_publicize_connections":[],"jetpack_featured_media_url":"https:\/\/blog.hotelcontinental.com\/wp-content\/uploads\/2026\/05\/comedor_terrassat_font_prades-18.jpg","jetpack_sharing_enabled":true,"jetpack_shortlink":"https:\/\/wp.me\/p8jyDf-2uN","_links":{"self":[{"href":"https:\/\/blog.hotelcontinental.com\/es\/wp-json\/wp\/v2\/posts\/9597","targetHints":{"allow":["GET"]}}],"collection":[{"href":"https:\/\/blog.hotelcontinental.com\/es\/wp-json\/wp\/v2\/posts"}],"about":[{"href":"https:\/\/blog.hotelcontinental.com\/es\/wp-json\/wp\/v2\/types\/post"}],"author":[{"embeddable":true,"href":"https:\/\/blog.hotelcontinental.com\/es\/wp-json\/wp\/v2\/users\/2"}],"replies":[{"embeddable":true,"href":"https:\/\/blog.hotelcontinental.com\/es\/wp-json\/wp\/v2\/comments?post=9597"}],"version-history":[{"count":2,"href":"https:\/\/blog.hotelcontinental.com\/es\/wp-json\/wp\/v2\/posts\/9597\/revisions"}],"predecessor-version":[{"id":9613,"href":"https:\/\/blog.hotelcontinental.com\/es\/wp-json\/wp\/v2\/posts\/9597\/revisions\/9613"}],"wp:featuredmedia":[{"embeddable":true,"href":"https:\/\/blog.hotelcontinental.com\/es\/wp-json\/wp\/v2\/media\/9606"}],"wp:attachment":[{"href":"https:\/\/blog.hotelcontinental.com\/es\/wp-json\/wp\/v2\/media?parent=9597"}],"wp:term":[{"taxonomy":"category","embeddable":true,"href":"https:\/\/blog.hotelcontinental.com\/es\/wp-json\/wp\/v2\/categories?post=9597"},{"taxonomy":"post_tag","embeddable":true,"href":"https:\/\/blog.hotelcontinental.com\/es\/wp-json\/wp\/v2\/tags?post=9597"}],"curies":[{"name":"wp","href":"https:\/\/api.w.org\/{rel}","templated":true}]}}