{"id":9075,"date":"2025-04-10T16:25:40","date_gmt":"2025-04-10T15:25:40","guid":{"rendered":"https:\/\/blog.hotelcontinental.com\/?p=9075"},"modified":"2025-04-10T16:25:47","modified_gmt":"2025-04-10T15:25:47","slug":"long-live-tradition-on-rambla-de-catalunya-the-fira-de-rams","status":"publish","type":"post","link":"https:\/\/blog.hotelcontinental.com\/es\/long-live-tradition-on-rambla-de-catalunya-the-fira-de-rams\/","title":{"rendered":"Viva la tradici\u00f3n en la Rambla de Catalunya: la Fira de Rams"},"content":{"rendered":"<h3 class=\"wp-block-heading\">\u00a1<strong>Visite la Fira de Rams hasta el 12 de abril en Rambla de Catalunya<\/strong>!<\/h3>\n\n\n\n<p>Bienvenido al coraz\u00f3n de Barcelona, donde la tradici\u00f3n se encuentra con la elegancia en la Rambla de Catalunya. Precisamente donde est\u00e1 ubicado nuestro Hotel Continental Palacete.<\/p>\n\n\n\n<p>Cada a\u00f1o, justo antes del Domingo de Ramos, esta ic\u00f3nica avenida se transforma en un paseo lleno de paraditas de colores y artesan\u00eda con la llegada de la Fira de Rams. Un evento que le invita a sumergirse en la cultura y el fervor de la Semana Santa, tan tradicional en la cultura catalana.<\/p>\n\n\n\n<h3 class=\"wp-block-heading\"><strong>Un paseo entre palmas y palmones<\/strong><\/h3>\n\n\n\n<figure class=\"wp-block-image size-large\"><img loading=\"lazy\" decoding=\"async\" width=\"1024\" height=\"684\" src=\"https:\/\/blog.hotelcontinental.com\/wp-content\/uploads\/2025\/04\/parada-palmes-1024x684.jpg\" alt=\"\" class=\"wp-image-9077\" srcset=\"https:\/\/blog.hotelcontinental.com\/wp-content\/uploads\/2025\/04\/parada-palmes-980x655.jpg 980w, https:\/\/blog.hotelcontinental.com\/wp-content\/uploads\/2025\/04\/parada-palmes-480x321.jpg 480w\" sizes=\"(min-width: 0px) and (max-width: 480px) 480px, (min-width: 481px) and (max-width: 980px) 980px, (min-width: 981px) 1024px, 100vw\" \/><\/figure>\n\n\n\n<p>Desde sus inicios, la Fira de Rams ha sido un punto de encuentro para las familias barcelonesas que buscan las mejores palmas y palmones para llevar a bendecir durante la misa del Domingo de Ramos, momento que representa el inicio de la Semana Santa.<\/p>\n\n\n\n<p>Desde ornamentaciones tradicionales \u2013 como los palmones o los ramos de laurel-, hasta innovadoras formas de palmas y palmones artesanales: elaborados totalmente a mano. Cada parada, entre las calles Arag\u00f3n y Diputaci\u00f3n, le ofrecen una gran variedad de opciones, incluso miniaturas para colocarse en la solapa: una opci\u00f3n elegante y un recuerdo que permanecer\u00e1 intacto en el tiempo.<\/p>\n\n\n\n<h3 class=\"wp-block-heading\"><strong>Artesan\u00eda con historia y significado<\/strong><\/h3>\n\n\n\n<figure class=\"wp-block-image size-large\"><img loading=\"lazy\" decoding=\"async\" width=\"1024\" height=\"684\" src=\"https:\/\/blog.hotelcontinental.com\/wp-content\/uploads\/2025\/04\/sra-somriente-1024x684.jpg\" alt=\"\" class=\"wp-image-9078\" srcset=\"https:\/\/blog.hotelcontinental.com\/wp-content\/uploads\/2025\/04\/sra-somriente-980x655.jpg 980w, https:\/\/blog.hotelcontinental.com\/wp-content\/uploads\/2025\/04\/sra-somriente-480x321.jpg 480w\" sizes=\"(min-width: 0px) and (max-width: 480px) 480px, (min-width: 481px) and (max-width: 980px) 980px, (min-width: 981px) 1024px, 100vw\" \/><\/figure>\n\n\n\n<p>Cada palma y palm\u00f3n es m\u00e1s que una obra de arte; es el resultado de un proceso meticuloso que combina t\u00e9cnica y tradici\u00f3n. Las palmas, cuidadosamente trenzadas, y los palmones, seleccionados por su esbeltez y altura, representan la conmemoraci\u00f3n de la entrada triunfal de Jes\u00fas en Jerusal\u00e9n.<\/p>\n\n\n\n<p>Es t\u00edpico en Catalunya que las madrinas de bautismo regalen a sus ahijados y ahijadas el palm\u00f3n o la palma. Los &nbsp;ni\u00f1os prefieren el palm\u00f3n que golpean contra el suelo hasta que aparece una escoba\u2026, mientras que las ni\u00f1as prefieren palmas ornamentadas y trabajadas con flores y figuras, llenas de chucher\u00edas y caramelos, como el delicioso rosario de caramelo hecho de bolitas de az\u00facar.<\/p>\n\n\n\n<h3 class=\"wp-block-heading\"><strong>Un espacio de encuentro y tradici\u00f3n<\/strong><\/h3>\n\n\n\n<figure class=\"wp-block-image size-large\"><img loading=\"lazy\" decoding=\"async\" width=\"1024\" height=\"684\" src=\"https:\/\/blog.hotelcontinental.com\/wp-content\/uploads\/2025\/04\/fira-rbla-catalunya-1024x684.jpg\" alt=\"\" class=\"wp-image-9079\" srcset=\"https:\/\/blog.hotelcontinental.com\/wp-content\/uploads\/2025\/04\/fira-rbla-catalunya-980x655.jpg 980w, https:\/\/blog.hotelcontinental.com\/wp-content\/uploads\/2025\/04\/fira-rbla-catalunya-480x321.jpg 480w\" sizes=\"(min-width: 0px) and (max-width: 480px) 480px, (min-width: 481px) and (max-width: 980px) 980px, (min-width: 981px) 1024px, 100vw\" \/><\/figure>\n\n\n\n<p>La Fira de Rams representa un espacio donde la comunidad se une en torno a los valores cristianos compartido en familia. Es un momento para pasear, descubrir y celebrar la llegada de la primavera y de la Semana Santa en compa\u00f1\u00eda de amigos y familiares. El ambiente festivo, iluminado por el sol crea una atm\u00f3sfera \u00fanica.<\/p>\n\n\n\n<h3 class=\"wp-block-heading\"><strong>Visite el Hotel Continental Palacete<\/strong><\/h3>\n\n\n\n<p>Ubicado en el coraz\u00f3n mismo de esta \u201cFira del Ram\u201d, se encuentra nuestro Hotel Continental Palacete donde desde su balc\u00f3n centenario, si es usted cliente, podr\u00e1 disfrutar del ambiente sin ser advertido y degustar nuestra oferta especial del bufet 24h que est\u00e1 siempre incluido.<\/p>\n\n\n\n<p>Conozca nuestro hotel y recu\u00e9rdelo para que cuando vengan a Barcelona sus amistades y familia pueda ofrecerles este lugar tan especial donde se unen: tradici\u00f3n familiar, elegancia y comodidad, trato personalizado y mucha vocaci\u00f3n de servicio por parte de todo nuestro personal.<\/p>\n\n\n\n<p>\u00a1Gracias por leer hasta aqu\u00ed y hasta muy pronto!<\/p>","protected":false},"excerpt":{"rendered":"<p>\u00a1Visite la Fira de Rams hasta el 12 de abril en Rambla de Catalunya! Bienvenido al coraz\u00f3n de Barcelona, donde la tradici\u00f3n se encuentra con la elegancia en la Rambla de Catalunya. Precisamente donde est\u00e1 ubicado nuestro Hotel Continental Palacete. Cada a\u00f1o, justo antes del Domingo de Ramos, esta ic\u00f3nica avenida se transforma en un [&hellip;]<\/p>\n","protected":false},"author":2,"featured_media":9076,"comment_status":"open","ping_status":"closed","sticky":false,"template":"","format":"standard","meta":{"_et_pb_use_builder":"off","_et_pb_old_content":"","_et_gb_content_width":"","_monsterinsights_skip_tracking":false,"_monsterinsights_sitenote_active":false,"_monsterinsights_sitenote_note":"","_monsterinsights_sitenote_category":0,"jetpack_post_was_ever_published":false,"_jetpack_newsletter_access":"","_jetpack_dont_email_post_to_subs":true,"_jetpack_newsletter_tier_id":0,"_jetpack_memberships_contains_paywalled_content":false,"_jetpack_memberships_contains_paid_content":false,"footnotes":"","jetpack_publicize_message":"","jetpack_publicize_feature_enabled":true,"jetpack_social_post_already_shared":false,"jetpack_social_options":{"image_generator_settings":{"template":"highway","enabled":false},"version":2}},"categories":[1,15,3,960],"tags":[57,347,350,348,55,569],"class_list":["post-9075","post","type-post","status-publish","format-standard","has-post-thumbnail","hentry","category-barcelona","category-culture","category-hotel-continental","category-shopping","tag-agenda-barcelona","tag-barcelona","tag-culture","tag-hotel-continental","tag-hotel-continental-palacete","tag-las-ramblas"],"yoast_head":"<!-- This site is optimized with the Yoast SEO plugin v27.4 - https:\/\/yoast.com\/product\/yoast-seo-wordpress\/ -->\n<title>Long live tradition on Rambla de Catalunya: the Fira de Rams<\/title>\n<meta name=\"description\" content=\"Just before Palm Sunday, this iconic avenue transforms into a vibrant walkway filled with colorful stalls and handcrafted goods as the Fira de Rams arrives.\" \/>\n<meta name=\"robots\" content=\"index, follow, max-snippet:-1, max-image-preview:large, max-video-preview:-1\" \/>\n<link rel=\"canonical\" href=\"https:\/\/blog.hotelcontinental.com\/es\/long-live-tradition-on-rambla-de-catalunya-the-fira-de-rams\/\" \/>\n<meta property=\"og:locale\" content=\"es_ES\" \/>\n<meta property=\"og:type\" content=\"article\" \/>\n<meta property=\"og:title\" content=\"Long live tradition on Rambla de Catalunya: the Fira de Rams\" \/>\n<meta property=\"og:description\" content=\"Just before Palm Sunday, this iconic avenue transforms into a vibrant walkway filled with colorful stalls and handcrafted goods as the Fira de Rams arrives.\" \/>\n<meta property=\"og:url\" content=\"https:\/\/blog.hotelcontinental.com\/es\/long-live-tradition-on-rambla-de-catalunya-the-fira-de-rams\/\" \/>\n<meta property=\"og:site_name\" content=\"Hotel Continental Barcelona\" \/>\n<meta property=\"article:published_time\" content=\"2025-04-10T15:25:40+00:00\" \/>\n<meta property=\"article:modified_time\" content=\"2025-04-10T15:25:47+00:00\" \/>\n<meta property=\"og:image\" content=\"https:\/\/blog.hotelcontinental.com\/wp-content\/uploads\/2025\/04\/retol-fira.jpg\" \/>\n\t<meta property=\"og:image:width\" content=\"1616\" \/>\n\t<meta property=\"og:image:height\" content=\"1080\" \/>\n\t<meta property=\"og:image:type\" content=\"image\/jpeg\" \/>\n<meta name=\"author\" content=\"Hotel Continental\" \/>\n<meta name=\"twitter:card\" content=\"summary_large_image\" \/>\n<meta name=\"twitter:label1\" content=\"Escrito por\" \/>\n\t<meta name=\"twitter:data1\" content=\"Hotel Continental\" \/>\n\t<meta name=\"twitter:label2\" content=\"Tiempo de lectura\" \/>\n\t<meta name=\"twitter:data2\" content=\"5 minutos\" \/>\n<script type=\"application\/ld+json\" class=\"yoast-schema-graph\">{\"@context\":\"https:\\\/\\\/schema.org\",\"@graph\":[{\"@type\":\"Article\",\"@id\":\"https:\\\/\\\/blog.hotelcontinental.com\\\/long-live-tradition-on-rambla-de-catalunya-the-fira-de-rams\\\/#article\",\"isPartOf\":{\"@id\":\"https:\\\/\\\/blog.hotelcontinental.com\\\/long-live-tradition-on-rambla-de-catalunya-the-fira-de-rams\\\/\"},\"author\":{\"name\":\"Hotel Continental\",\"@id\":\"https:\\\/\\\/blog.hotelcontinental.com\\\/#\\\/schema\\\/person\\\/03c12ee558f9b4d2ed1d6d86f48411ba\"},\"headline\":\"Viva la tradici\u00f3n en la Rambla de Catalunya: la Fira de Rams\",\"datePublished\":\"2025-04-10T15:25:40+00:00\",\"dateModified\":\"2025-04-10T15:25:47+00:00\",\"mainEntityOfPage\":{\"@id\":\"https:\\\/\\\/blog.hotelcontinental.com\\\/long-live-tradition-on-rambla-de-catalunya-the-fira-de-rams\\\/\"},\"wordCount\":1440,\"commentCount\":0,\"image\":{\"@id\":\"https:\\\/\\\/blog.hotelcontinental.com\\\/long-live-tradition-on-rambla-de-catalunya-the-fira-de-rams\\\/#primaryimage\"},\"thumbnailUrl\":\"https:\\\/\\\/blog.hotelcontinental.com\\\/wp-content\\\/uploads\\\/2025\\\/04\\\/retol-fira.jpg\",\"keywords\":[\"Agenda Barcelona\",\"Barcelona\",\"Culture\",\"Hotel Continental\",\"Hotel Continental Palacete\",\"las ramblas\"],\"articleSection\":[\"Barcelona\",\"Culture\",\"Hotel Continental\",\"Shopping\"],\"inLanguage\":\"es\",\"potentialAction\":[{\"@type\":\"CommentAction\",\"name\":\"Comment\",\"target\":[\"https:\\\/\\\/blog.hotelcontinental.com\\\/long-live-tradition-on-rambla-de-catalunya-the-fira-de-rams\\\/#respond\"]}]},{\"@type\":\"WebPage\",\"@id\":\"https:\\\/\\\/blog.hotelcontinental.com\\\/es\\\/long-live-tradition-on-rambla-de-catalunya-the-fira-de-rams\\\/\",\"url\":\"https:\\\/\\\/blog.hotelcontinental.com\\\/es\\\/long-live-tradition-on-rambla-de-catalunya-the-fira-de-rams\\\/\",\"name\":\"Long live tradition on Rambla de Catalunya: the Fira de Rams\",\"isPartOf\":{\"@id\":\"https:\\\/\\\/blog.hotelcontinental.com\\\/es\\\/#website\"},\"primaryImageOfPage\":{\"@id\":\"https:\\\/\\\/blog.hotelcontinental.com\\\/es\\\/long-live-tradition-on-rambla-de-catalunya-the-fira-de-rams\\\/#primaryimage\"},\"image\":{\"@id\":\"https:\\\/\\\/blog.hotelcontinental.com\\\/long-live-tradition-on-rambla-de-catalunya-the-fira-de-rams\\\/#primaryimage\"},\"thumbnailUrl\":\"https:\\\/\\\/blog.hotelcontinental.com\\\/wp-content\\\/uploads\\\/2025\\\/04\\\/retol-fira.jpg\",\"datePublished\":\"2025-04-10T15:25:40+00:00\",\"dateModified\":\"2025-04-10T15:25:47+00:00\",\"author\":{\"@id\":\"https:\\\/\\\/blog.hotelcontinental.com\\\/#\\\/schema\\\/person\\\/03c12ee558f9b4d2ed1d6d86f48411ba\"},\"description\":\"Just before Palm Sunday, this iconic avenue transforms into a vibrant walkway filled with colorful stalls and handcrafted goods as the Fira de Rams arrives.\",\"breadcrumb\":{\"@id\":\"https:\\\/\\\/blog.hotelcontinental.com\\\/es\\\/long-live-tradition-on-rambla-de-catalunya-the-fira-de-rams\\\/#breadcrumb\"},\"inLanguage\":\"es\",\"potentialAction\":[{\"@type\":\"ReadAction\",\"target\":[[\"https:\\\/\\\/blog.hotelcontinental.com\\\/es\\\/long-live-tradition-on-rambla-de-catalunya-the-fira-de-rams\\\/\"]]}]},{\"@type\":\"ImageObject\",\"inLanguage\":\"es\",\"@id\":\"https:\\\/\\\/blog.hotelcontinental.com\\\/es\\\/long-live-tradition-on-rambla-de-catalunya-the-fira-de-rams\\\/#primaryimage\",\"url\":\"https:\\\/\\\/blog.hotelcontinental.com\\\/wp-content\\\/uploads\\\/2025\\\/04\\\/retol-fira.jpg\",\"contentUrl\":\"https:\\\/\\\/blog.hotelcontinental.com\\\/wp-content\\\/uploads\\\/2025\\\/04\\\/retol-fira.jpg\",\"width\":1616,\"height\":1080},{\"@type\":\"BreadcrumbList\",\"@id\":\"https:\\\/\\\/blog.hotelcontinental.com\\\/es\\\/long-live-tradition-on-rambla-de-catalunya-the-fira-de-rams\\\/#breadcrumb\",\"itemListElement\":[{\"@type\":\"ListItem\",\"position\":1,\"name\":\"Home\",\"item\":\"https:\\\/\\\/blog.hotelcontinental.com\\\/es\\\/\"},{\"@type\":\"ListItem\",\"position\":2,\"name\":\"Long live tradition on Rambla de Catalunya: the Fira de Rams\"}]},{\"@type\":\"WebSite\",\"@id\":\"https:\\\/\\\/blog.hotelcontinental.com\\\/es\\\/#website\",\"url\":\"https:\\\/\\\/blog.hotelcontinental.com\\\/es\\\/\",\"name\":\"Hotel Continental Barcelona\",\"description\":\"Dos hoteles emblem\u00e1ticos en el centro de Barcelona.\",\"potentialAction\":[{\"@type\":\"SearchAction\",\"target\":{\"@type\":\"EntryPoint\",\"urlTemplate\":\"https:\\\/\\\/blog.hotelcontinental.com\\\/es\\\/?s={search_term_string}\"},\"query-input\":{\"@type\":\"PropertyValueSpecification\",\"valueRequired\":true,\"valueName\":\"search_term_string\"}}],\"inLanguage\":\"es\"},{\"@type\":\"Person\",\"@id\":\"https:\\\/\\\/blog.hotelcontinental.com\\\/#\\\/schema\\\/person\\\/03c12ee558f9b4d2ed1d6d86f48411ba\",\"name\":\"Hotel Continental\",\"image\":{\"@type\":\"ImageObject\",\"inLanguage\":\"es\",\"@id\":\"https:\\\/\\\/secure.gravatar.com\\\/avatar\\\/e732cb9f84f35036d4c926c356409ff2ba1d4205b86c3d6ce43f4125cafefb5b?s=96&d=robohash&r=g\",\"url\":\"https:\\\/\\\/secure.gravatar.com\\\/avatar\\\/e732cb9f84f35036d4c926c356409ff2ba1d4205b86c3d6ce43f4125cafefb5b?s=96&d=robohash&r=g\",\"contentUrl\":\"https:\\\/\\\/secure.gravatar.com\\\/avatar\\\/e732cb9f84f35036d4c926c356409ff2ba1d4205b86c3d6ce43f4125cafefb5b?s=96&d=robohash&r=g\",\"caption\":\"Hotel Continental\"},\"url\":\"https:\\\/\\\/blog.hotelcontinental.com\\\/es\\\/author\\\/malagarriga\\\/\"}]}<\/script>\n<!-- \/ Yoast SEO plugin. -->","yoast_head_json":{"title":"Long live tradition on Rambla de Catalunya: the Fira de Rams","description":"Just before Palm Sunday, this iconic avenue transforms into a vibrant walkway filled with colorful stalls and handcrafted goods as the Fira de Rams arrives.","robots":{"index":"index","follow":"follow","max-snippet":"max-snippet:-1","max-image-preview":"max-image-preview:large","max-video-preview":"max-video-preview:-1"},"canonical":"https:\/\/blog.hotelcontinental.com\/es\/long-live-tradition-on-rambla-de-catalunya-the-fira-de-rams\/","og_locale":"es_ES","og_type":"article","og_title":"Long live tradition on Rambla de Catalunya: the Fira de Rams","og_description":"Just before Palm Sunday, this iconic avenue transforms into a vibrant walkway filled with colorful stalls and handcrafted goods as the Fira de Rams arrives.","og_url":"https:\/\/blog.hotelcontinental.com\/es\/long-live-tradition-on-rambla-de-catalunya-the-fira-de-rams\/","og_site_name":"Hotel Continental Barcelona","article_published_time":"2025-04-10T15:25:40+00:00","article_modified_time":"2025-04-10T15:25:47+00:00","og_image":[{"width":1616,"height":1080,"url":"https:\/\/blog.hotelcontinental.com\/wp-content\/uploads\/2025\/04\/retol-fira.jpg","type":"image\/jpeg"}],"author":"Hotel Continental","twitter_card":"summary_large_image","twitter_misc":{"Escrito por":"Hotel Continental","Tiempo de lectura":"5 minutos"},"schema":{"@context":"https:\/\/schema.org","@graph":[{"@type":"Article","@id":"https:\/\/blog.hotelcontinental.com\/long-live-tradition-on-rambla-de-catalunya-the-fira-de-rams\/#article","isPartOf":{"@id":"https:\/\/blog.hotelcontinental.com\/long-live-tradition-on-rambla-de-catalunya-the-fira-de-rams\/"},"author":{"name":"Hotel Continental","@id":"https:\/\/blog.hotelcontinental.com\/#\/schema\/person\/03c12ee558f9b4d2ed1d6d86f48411ba"},"headline":"Viva la tradici\u00f3n en la Rambla de Catalunya: la Fira de Rams","datePublished":"2025-04-10T15:25:40+00:00","dateModified":"2025-04-10T15:25:47+00:00","mainEntityOfPage":{"@id":"https:\/\/blog.hotelcontinental.com\/long-live-tradition-on-rambla-de-catalunya-the-fira-de-rams\/"},"wordCount":1440,"commentCount":0,"image":{"@id":"https:\/\/blog.hotelcontinental.com\/long-live-tradition-on-rambla-de-catalunya-the-fira-de-rams\/#primaryimage"},"thumbnailUrl":"https:\/\/blog.hotelcontinental.com\/wp-content\/uploads\/2025\/04\/retol-fira.jpg","keywords":["Agenda Barcelona","Barcelona","Culture","Hotel Continental","Hotel Continental Palacete","las ramblas"],"articleSection":["Barcelona","Culture","Hotel Continental","Shopping"],"inLanguage":"es","potentialAction":[{"@type":"CommentAction","name":"Comment","target":["https:\/\/blog.hotelcontinental.com\/long-live-tradition-on-rambla-de-catalunya-the-fira-de-rams\/#respond"]}]},{"@type":"WebPage","@id":"https:\/\/blog.hotelcontinental.com\/es\/long-live-tradition-on-rambla-de-catalunya-the-fira-de-rams\/","url":"https:\/\/blog.hotelcontinental.com\/es\/long-live-tradition-on-rambla-de-catalunya-the-fira-de-rams\/","name":"Long live tradition on Rambla de Catalunya: the Fira de Rams","isPartOf":{"@id":"https:\/\/blog.hotelcontinental.com\/es\/#website"},"primaryImageOfPage":{"@id":"https:\/\/blog.hotelcontinental.com\/es\/long-live-tradition-on-rambla-de-catalunya-the-fira-de-rams\/#primaryimage"},"image":{"@id":"https:\/\/blog.hotelcontinental.com\/long-live-tradition-on-rambla-de-catalunya-the-fira-de-rams\/#primaryimage"},"thumbnailUrl":"https:\/\/blog.hotelcontinental.com\/wp-content\/uploads\/2025\/04\/retol-fira.jpg","datePublished":"2025-04-10T15:25:40+00:00","dateModified":"2025-04-10T15:25:47+00:00","author":{"@id":"https:\/\/blog.hotelcontinental.com\/#\/schema\/person\/03c12ee558f9b4d2ed1d6d86f48411ba"},"description":"Just before Palm Sunday, this iconic avenue transforms into a vibrant walkway filled with colorful stalls and handcrafted goods as the Fira de Rams arrives.","breadcrumb":{"@id":"https:\/\/blog.hotelcontinental.com\/es\/long-live-tradition-on-rambla-de-catalunya-the-fira-de-rams\/#breadcrumb"},"inLanguage":"es","potentialAction":[{"@type":"ReadAction","target":[["https:\/\/blog.hotelcontinental.com\/es\/long-live-tradition-on-rambla-de-catalunya-the-fira-de-rams\/"]]}]},{"@type":"ImageObject","inLanguage":"es","@id":"https:\/\/blog.hotelcontinental.com\/es\/long-live-tradition-on-rambla-de-catalunya-the-fira-de-rams\/#primaryimage","url":"https:\/\/blog.hotelcontinental.com\/wp-content\/uploads\/2025\/04\/retol-fira.jpg","contentUrl":"https:\/\/blog.hotelcontinental.com\/wp-content\/uploads\/2025\/04\/retol-fira.jpg","width":1616,"height":1080},{"@type":"BreadcrumbList","@id":"https:\/\/blog.hotelcontinental.com\/es\/long-live-tradition-on-rambla-de-catalunya-the-fira-de-rams\/#breadcrumb","itemListElement":[{"@type":"ListItem","position":1,"name":"Home","item":"https:\/\/blog.hotelcontinental.com\/es\/"},{"@type":"ListItem","position":2,"name":"Long live tradition on Rambla de Catalunya: the Fira de Rams"}]},{"@type":"WebSite","@id":"https:\/\/blog.hotelcontinental.com\/es\/#website","url":"https:\/\/blog.hotelcontinental.com\/es\/","name":"Hotel Continental Barcelona","description":"Dos hoteles emblem\u00e1ticos en el centro de Barcelona.","potentialAction":[{"@type":"SearchAction","target":{"@type":"EntryPoint","urlTemplate":"https:\/\/blog.hotelcontinental.com\/es\/?s={search_term_string}"},"query-input":{"@type":"PropertyValueSpecification","valueRequired":true,"valueName":"search_term_string"}}],"inLanguage":"es"},{"@type":"Person","@id":"https:\/\/blog.hotelcontinental.com\/#\/schema\/person\/03c12ee558f9b4d2ed1d6d86f48411ba","name":"Hotel Continental","image":{"@type":"ImageObject","inLanguage":"es","@id":"https:\/\/secure.gravatar.com\/avatar\/e732cb9f84f35036d4c926c356409ff2ba1d4205b86c3d6ce43f4125cafefb5b?s=96&d=robohash&r=g","url":"https:\/\/secure.gravatar.com\/avatar\/e732cb9f84f35036d4c926c356409ff2ba1d4205b86c3d6ce43f4125cafefb5b?s=96&d=robohash&r=g","contentUrl":"https:\/\/secure.gravatar.com\/avatar\/e732cb9f84f35036d4c926c356409ff2ba1d4205b86c3d6ce43f4125cafefb5b?s=96&d=robohash&r=g","caption":"Hotel Continental"},"url":"https:\/\/blog.hotelcontinental.com\/es\/author\/malagarriga\/"}]}},"jetpack_publicize_connections":[],"jetpack_featured_media_url":"https:\/\/blog.hotelcontinental.com\/wp-content\/uploads\/2025\/04\/retol-fira.jpg","jetpack_sharing_enabled":true,"jetpack_shortlink":"https:\/\/wp.me\/p8jyDf-2mn","_links":{"self":[{"href":"https:\/\/blog.hotelcontinental.com\/es\/wp-json\/wp\/v2\/posts\/9075","targetHints":{"allow":["GET"]}}],"collection":[{"href":"https:\/\/blog.hotelcontinental.com\/es\/wp-json\/wp\/v2\/posts"}],"about":[{"href":"https:\/\/blog.hotelcontinental.com\/es\/wp-json\/wp\/v2\/types\/post"}],"author":[{"embeddable":true,"href":"https:\/\/blog.hotelcontinental.com\/es\/wp-json\/wp\/v2\/users\/2"}],"replies":[{"embeddable":true,"href":"https:\/\/blog.hotelcontinental.com\/es\/wp-json\/wp\/v2\/comments?post=9075"}],"version-history":[{"count":2,"href":"https:\/\/blog.hotelcontinental.com\/es\/wp-json\/wp\/v2\/posts\/9075\/revisions"}],"predecessor-version":[{"id":9081,"href":"https:\/\/blog.hotelcontinental.com\/es\/wp-json\/wp\/v2\/posts\/9075\/revisions\/9081"}],"wp:featuredmedia":[{"embeddable":true,"href":"https:\/\/blog.hotelcontinental.com\/es\/wp-json\/wp\/v2\/media\/9076"}],"wp:attachment":[{"href":"https:\/\/blog.hotelcontinental.com\/es\/wp-json\/wp\/v2\/media?parent=9075"}],"wp:term":[{"taxonomy":"category","embeddable":true,"href":"https:\/\/blog.hotelcontinental.com\/es\/wp-json\/wp\/v2\/categories?post=9075"},{"taxonomy":"post_tag","embeddable":true,"href":"https:\/\/blog.hotelcontinental.com\/es\/wp-json\/wp\/v2\/tags?post=9075"}],"curies":[{"name":"wp","href":"https:\/\/api.w.org\/{rel}","templated":true}]}}