{"id":5745,"date":"2014-07-14T13:10:21","date_gmt":"2014-07-14T12:10:21","guid":{"rendered":"http:\/\/www.hotelcontinental.com\/blog\/?p=5745"},"modified":"2014-07-14T13:10:21","modified_gmt":"2014-07-14T12:10:21","slug":"bona-nit-barcelona","status":"publish","type":"post","link":"https:\/\/blog.hotelcontinental.com\/es\/bona-nit-barcelona\/","title":{"rendered":"Bona Nit Barcelona 2014"},"content":{"rendered":"<p><img loading=\"lazy\" decoding=\"async\" class=\"size-medium wp-image-5746 alignleft\" alt=\"bona-nit-bcn\" src=\"http:\/\/www.hotelcontinental.com\/blog\/wp-content\/uploads\/2014\/07\/bona-nit-bcn-209x300.jpg\" width=\"209\" height=\"300\" srcset=\"https:\/\/blog.hotelcontinental.com\/wp-content\/uploads\/2014\/07\/bona-nit-bcn-209x300.jpg 209w, https:\/\/blog.hotelcontinental.com\/wp-content\/uploads\/2014\/07\/bona-nit-bcn.jpg 650w\" sizes=\"(max-width: 209px) 100vw, 209px\" \/>El festival<strong> Bona Nit Barcelona 2014<\/strong> tendr\u00e1 lugar el <strong>19 de julio<\/strong> en el <a href=\"http:\/\/www.poble-espanyol.com\/es\" target=\"_blank\">Poble Espanyol<\/a> de Barcelona.<\/p>\n<p style=\"text-align: justify;\">Se trata de un festival sostenible que ofrece al p\u00fablico una amplia experiencia participativa. <a href=\"http:\/\/www.bonanitbarcelona.es\/\" target=\"_blank\">Bona Nit Barcelona<\/a> tiene un cartel con identidad propia y se complementa con una oferta de restauraci\u00f3n org\u00e1nica y vegetariana con opciones que reducen el impacto en el medio ambiente y promueven h\u00e1bitos saludables.<\/p>\n<p style=\"text-align: justify;\">As\u00ed mismo, fomenta las actividades compartidas entre padres e hijos y ofrece una experiencia \u00fanica a todos aquellos que busquen una alternativa a los formatos masivos.<\/p>\n<p style=\"text-align: justify;\">\n<p style=\"text-align: justify;\">\n<p style=\"text-align: justify;\">\n<p style=\"text-align: justify;\">Los grupos confirmados este a\u00f1o para el festival barcelon\u00e9s son los siguientes:<\/p>\n<ul>\n<li>Jos\u00e9 Gonzalez<\/li>\n<li>Erlend \u00d8ye<\/li>\n<li>Pompeya<\/li>\n<li>Raydibaum<\/li>\n<li>Los Tiki Phantoms<\/li>\n<li>Ram\u00f3n Mirabet<\/li>\n<li>La Tropa S\u00f2nica<\/li>\n<li>Boom Ukelele Project<\/li>\n<li>Laia Veh\u00ed<\/li>\n<li>Cartonutti<\/li>\n<\/ul>\n<p><\/p>","protected":false},"excerpt":{"rendered":"<p>El festival Bona Nit Barcelona 2014 tendr\u00e1 lugar el 19 de julio en el Poble Espanyol de Barcelona. Se trata de un festival sostenible que ofrece al p\u00fablico una amplia experiencia participativa. Bona Nit Barcelona tiene un cartel con identidad propia y se complementa con una oferta de restauraci\u00f3n org\u00e1nica y vegetariana con opciones que [&hellip;]<\/p>\n","protected":false},"author":2,"featured_media":5746,"comment_status":"closed","ping_status":"open","sticky":false,"template":"","format":"standard","meta":{"_et_pb_use_builder":"","_et_pb_old_content":"","_et_gb_content_width":"","_monsterinsights_skip_tracking":false,"_monsterinsights_sitenote_active":false,"_monsterinsights_sitenote_note":"","_monsterinsights_sitenote_category":0,"jetpack_post_was_ever_published":false,"_jetpack_newsletter_access":"","_jetpack_dont_email_post_to_subs":false,"_jetpack_newsletter_tier_id":0,"_jetpack_memberships_contains_paywalled_content":false,"_jetpack_memberships_contains_paid_content":false,"footnotes":"","jetpack_publicize_message":"","jetpack_publicize_feature_enabled":true,"jetpack_social_post_already_shared":false,"jetpack_social_options":{"image_generator_settings":{"template":"highway","default_image_id":0,"font":"","enabled":false},"version":2}},"categories":[1,196,12],"tags":[347,206,208,207],"class_list":["post-5745","post","type-post","status-publish","format-standard","has-post-thumbnail","hentry","category-barcelona","category-festivals","category-music","tag-barcelona","tag-bona-nit-barcelona","tag-concierto-barcelona","tag-erlend-oye"],"yoast_head":"<!-- This site is optimized with the Yoast SEO plugin v27.4 - https:\/\/yoast.com\/product\/yoast-seo-wordpress\/ -->\n<title>Bona Nit Barcelona 2014 - Hotel Continental Barcelona<\/title>\n<meta name=\"robots\" content=\"index, follow, max-snippet:-1, max-image-preview:large, max-video-preview:-1\" \/>\n<link rel=\"canonical\" href=\"https:\/\/blog.hotelcontinental.com\/es\/bona-nit-barcelona\/\" \/>\n<meta property=\"og:locale\" content=\"es_ES\" \/>\n<meta property=\"og:type\" content=\"article\" \/>\n<meta property=\"og:title\" content=\"Bona Nit Barcelona 2014 - Hotel Continental Barcelona\" \/>\n<meta property=\"og:description\" content=\"El festival Bona Nit Barcelona 2014 tendr\u00e1 lugar el 19 de julio en el Poble Espanyol de Barcelona. Se trata de un festival sostenible que ofrece al p\u00fablico una amplia experiencia participativa. Bona Nit Barcelona tiene un cartel con identidad propia y se complementa con una oferta de restauraci\u00f3n org\u00e1nica y vegetariana con opciones que [&hellip;]\" \/>\n<meta property=\"og:url\" content=\"https:\/\/blog.hotelcontinental.com\/es\/bona-nit-barcelona\/\" \/>\n<meta property=\"og:site_name\" content=\"Hotel Continental Barcelona\" \/>\n<meta property=\"article:published_time\" content=\"2014-07-14T12:10:21+00:00\" \/>\n<meta property=\"og:image\" content=\"https:\/\/blog.hotelcontinental.com\/wp-content\/uploads\/2014\/07\/bona-nit-bcn.jpg\" \/>\n\t<meta property=\"og:image:width\" content=\"650\" \/>\n\t<meta property=\"og:image:height\" content=\"929\" \/>\n\t<meta property=\"og:image:type\" content=\"image\/jpeg\" \/>\n<meta name=\"author\" content=\"Hotel Continental\" \/>\n<meta name=\"twitter:card\" content=\"summary_large_image\" \/>\n<meta name=\"twitter:label1\" content=\"Escrito por\" \/>\n\t<meta name=\"twitter:data1\" content=\"Hotel Continental\" \/>\n\t<meta name=\"twitter:label2\" content=\"Tiempo de lectura\" \/>\n\t<meta name=\"twitter:data2\" content=\"1 minuto\" \/>\n<script type=\"application\/ld+json\" class=\"yoast-schema-graph\">{\"@context\":\"https:\\\/\\\/schema.org\",\"@graph\":[{\"@type\":\"Article\",\"@id\":\"https:\\\/\\\/blog.hotelcontinental.com\\\/bona-nit-barcelona\\\/#article\",\"isPartOf\":{\"@id\":\"https:\\\/\\\/blog.hotelcontinental.com\\\/bona-nit-barcelona\\\/\"},\"author\":{\"name\":\"Hotel Continental\",\"@id\":\"https:\\\/\\\/blog.hotelcontinental.com\\\/#\\\/schema\\\/person\\\/03c12ee558f9b4d2ed1d6d86f48411ba\"},\"headline\":\"Bona Nit Barcelona 2014\",\"datePublished\":\"2014-07-14T12:10:21+00:00\",\"mainEntityOfPage\":{\"@id\":\"https:\\\/\\\/blog.hotelcontinental.com\\\/bona-nit-barcelona\\\/\"},\"wordCount\":258,\"image\":{\"@id\":\"https:\\\/\\\/blog.hotelcontinental.com\\\/bona-nit-barcelona\\\/#primaryimage\"},\"thumbnailUrl\":\"https:\\\/\\\/blog.hotelcontinental.com\\\/wp-content\\\/uploads\\\/2014\\\/07\\\/bona-nit-bcn.jpg\",\"keywords\":[\"Barcelona\",\"bona nit barcelona\",\"concierto barcelona\",\"erlend OYE\"],\"articleSection\":[\"Barcelona\",\"Festivals\",\"Music\"],\"inLanguage\":\"es\"},{\"@type\":\"WebPage\",\"@id\":\"https:\\\/\\\/blog.hotelcontinental.com\\\/es\\\/bona-nit-barcelona\\\/\",\"url\":\"https:\\\/\\\/blog.hotelcontinental.com\\\/es\\\/bona-nit-barcelona\\\/\",\"name\":\"Bona Nit Barcelona 2014 - Hotel Continental Barcelona\",\"isPartOf\":{\"@id\":\"https:\\\/\\\/blog.hotelcontinental.com\\\/es\\\/#website\"},\"primaryImageOfPage\":{\"@id\":\"https:\\\/\\\/blog.hotelcontinental.com\\\/es\\\/bona-nit-barcelona\\\/#primaryimage\"},\"image\":{\"@id\":\"https:\\\/\\\/blog.hotelcontinental.com\\\/bona-nit-barcelona\\\/#primaryimage\"},\"thumbnailUrl\":\"https:\\\/\\\/blog.hotelcontinental.com\\\/wp-content\\\/uploads\\\/2014\\\/07\\\/bona-nit-bcn.jpg\",\"datePublished\":\"2014-07-14T12:10:21+00:00\",\"author\":{\"@id\":\"https:\\\/\\\/blog.hotelcontinental.com\\\/#\\\/schema\\\/person\\\/03c12ee558f9b4d2ed1d6d86f48411ba\"},\"breadcrumb\":{\"@id\":\"https:\\\/\\\/blog.hotelcontinental.com\\\/es\\\/bona-nit-barcelona\\\/#breadcrumb\"},\"inLanguage\":\"es\",\"potentialAction\":[{\"@type\":\"ReadAction\",\"target\":[[\"https:\\\/\\\/blog.hotelcontinental.com\\\/es\\\/bona-nit-barcelona\\\/\"]]}]},{\"@type\":\"ImageObject\",\"inLanguage\":\"es\",\"@id\":\"https:\\\/\\\/blog.hotelcontinental.com\\\/es\\\/bona-nit-barcelona\\\/#primaryimage\",\"url\":\"https:\\\/\\\/blog.hotelcontinental.com\\\/wp-content\\\/uploads\\\/2014\\\/07\\\/bona-nit-bcn.jpg\",\"contentUrl\":\"https:\\\/\\\/blog.hotelcontinental.com\\\/wp-content\\\/uploads\\\/2014\\\/07\\\/bona-nit-bcn.jpg\",\"width\":650,\"height\":929},{\"@type\":\"BreadcrumbList\",\"@id\":\"https:\\\/\\\/blog.hotelcontinental.com\\\/es\\\/bona-nit-barcelona\\\/#breadcrumb\",\"itemListElement\":[{\"@type\":\"ListItem\",\"position\":1,\"name\":\"Home\",\"item\":\"https:\\\/\\\/blog.hotelcontinental.com\\\/es\\\/\"},{\"@type\":\"ListItem\",\"position\":2,\"name\":\"Bona Nit Barcelona 2014\"}]},{\"@type\":\"WebSite\",\"@id\":\"https:\\\/\\\/blog.hotelcontinental.com\\\/es\\\/#website\",\"url\":\"https:\\\/\\\/blog.hotelcontinental.com\\\/es\\\/\",\"name\":\"Hotel Continental Barcelona\",\"description\":\"Dos hoteles emblem\u00e1ticos en el centro de Barcelona.\",\"potentialAction\":[{\"@type\":\"SearchAction\",\"target\":{\"@type\":\"EntryPoint\",\"urlTemplate\":\"https:\\\/\\\/blog.hotelcontinental.com\\\/es\\\/?s={search_term_string}\"},\"query-input\":{\"@type\":\"PropertyValueSpecification\",\"valueRequired\":true,\"valueName\":\"search_term_string\"}}],\"inLanguage\":\"es\"},{\"@type\":\"Person\",\"@id\":\"https:\\\/\\\/blog.hotelcontinental.com\\\/#\\\/schema\\\/person\\\/03c12ee558f9b4d2ed1d6d86f48411ba\",\"name\":\"Hotel Continental\",\"image\":{\"@type\":\"ImageObject\",\"inLanguage\":\"es\",\"@id\":\"https:\\\/\\\/secure.gravatar.com\\\/avatar\\\/e732cb9f84f35036d4c926c356409ff2ba1d4205b86c3d6ce43f4125cafefb5b?s=96&d=robohash&r=g\",\"url\":\"https:\\\/\\\/secure.gravatar.com\\\/avatar\\\/e732cb9f84f35036d4c926c356409ff2ba1d4205b86c3d6ce43f4125cafefb5b?s=96&d=robohash&r=g\",\"contentUrl\":\"https:\\\/\\\/secure.gravatar.com\\\/avatar\\\/e732cb9f84f35036d4c926c356409ff2ba1d4205b86c3d6ce43f4125cafefb5b?s=96&d=robohash&r=g\",\"caption\":\"Hotel Continental\"},\"url\":\"https:\\\/\\\/blog.hotelcontinental.com\\\/es\\\/author\\\/malagarriga\\\/\"}]}<\/script>\n<!-- \/ Yoast SEO plugin. -->","yoast_head_json":{"title":"Bona Nit Barcelona 2014 - Hotel Continental Barcelona","robots":{"index":"index","follow":"follow","max-snippet":"max-snippet:-1","max-image-preview":"max-image-preview:large","max-video-preview":"max-video-preview:-1"},"canonical":"https:\/\/blog.hotelcontinental.com\/es\/bona-nit-barcelona\/","og_locale":"es_ES","og_type":"article","og_title":"Bona Nit Barcelona 2014 - Hotel Continental Barcelona","og_description":"El festival Bona Nit Barcelona 2014 tendr\u00e1 lugar el 19 de julio en el Poble Espanyol de Barcelona. Se trata de un festival sostenible que ofrece al p\u00fablico una amplia experiencia participativa. Bona Nit Barcelona tiene un cartel con identidad propia y se complementa con una oferta de restauraci\u00f3n org\u00e1nica y vegetariana con opciones que [&hellip;]","og_url":"https:\/\/blog.hotelcontinental.com\/es\/bona-nit-barcelona\/","og_site_name":"Hotel Continental Barcelona","article_published_time":"2014-07-14T12:10:21+00:00","og_image":[{"width":650,"height":929,"url":"https:\/\/blog.hotelcontinental.com\/wp-content\/uploads\/2014\/07\/bona-nit-bcn.jpg","type":"image\/jpeg"}],"author":"Hotel Continental","twitter_card":"summary_large_image","twitter_misc":{"Escrito por":"Hotel Continental","Tiempo de lectura":"1 minuto"},"schema":{"@context":"https:\/\/schema.org","@graph":[{"@type":"Article","@id":"https:\/\/blog.hotelcontinental.com\/bona-nit-barcelona\/#article","isPartOf":{"@id":"https:\/\/blog.hotelcontinental.com\/bona-nit-barcelona\/"},"author":{"name":"Hotel Continental","@id":"https:\/\/blog.hotelcontinental.com\/#\/schema\/person\/03c12ee558f9b4d2ed1d6d86f48411ba"},"headline":"Bona Nit Barcelona 2014","datePublished":"2014-07-14T12:10:21+00:00","mainEntityOfPage":{"@id":"https:\/\/blog.hotelcontinental.com\/bona-nit-barcelona\/"},"wordCount":258,"image":{"@id":"https:\/\/blog.hotelcontinental.com\/bona-nit-barcelona\/#primaryimage"},"thumbnailUrl":"https:\/\/blog.hotelcontinental.com\/wp-content\/uploads\/2014\/07\/bona-nit-bcn.jpg","keywords":["Barcelona","bona nit barcelona","concierto barcelona","erlend OYE"],"articleSection":["Barcelona","Festivals","Music"],"inLanguage":"es"},{"@type":"WebPage","@id":"https:\/\/blog.hotelcontinental.com\/es\/bona-nit-barcelona\/","url":"https:\/\/blog.hotelcontinental.com\/es\/bona-nit-barcelona\/","name":"Bona Nit Barcelona 2014 - Hotel Continental Barcelona","isPartOf":{"@id":"https:\/\/blog.hotelcontinental.com\/es\/#website"},"primaryImageOfPage":{"@id":"https:\/\/blog.hotelcontinental.com\/es\/bona-nit-barcelona\/#primaryimage"},"image":{"@id":"https:\/\/blog.hotelcontinental.com\/bona-nit-barcelona\/#primaryimage"},"thumbnailUrl":"https:\/\/blog.hotelcontinental.com\/wp-content\/uploads\/2014\/07\/bona-nit-bcn.jpg","datePublished":"2014-07-14T12:10:21+00:00","author":{"@id":"https:\/\/blog.hotelcontinental.com\/#\/schema\/person\/03c12ee558f9b4d2ed1d6d86f48411ba"},"breadcrumb":{"@id":"https:\/\/blog.hotelcontinental.com\/es\/bona-nit-barcelona\/#breadcrumb"},"inLanguage":"es","potentialAction":[{"@type":"ReadAction","target":[["https:\/\/blog.hotelcontinental.com\/es\/bona-nit-barcelona\/"]]}]},{"@type":"ImageObject","inLanguage":"es","@id":"https:\/\/blog.hotelcontinental.com\/es\/bona-nit-barcelona\/#primaryimage","url":"https:\/\/blog.hotelcontinental.com\/wp-content\/uploads\/2014\/07\/bona-nit-bcn.jpg","contentUrl":"https:\/\/blog.hotelcontinental.com\/wp-content\/uploads\/2014\/07\/bona-nit-bcn.jpg","width":650,"height":929},{"@type":"BreadcrumbList","@id":"https:\/\/blog.hotelcontinental.com\/es\/bona-nit-barcelona\/#breadcrumb","itemListElement":[{"@type":"ListItem","position":1,"name":"Home","item":"https:\/\/blog.hotelcontinental.com\/es\/"},{"@type":"ListItem","position":2,"name":"Bona Nit Barcelona 2014"}]},{"@type":"WebSite","@id":"https:\/\/blog.hotelcontinental.com\/es\/#website","url":"https:\/\/blog.hotelcontinental.com\/es\/","name":"Hotel Continental Barcelona","description":"Dos hoteles emblem\u00e1ticos en el centro de Barcelona.","potentialAction":[{"@type":"SearchAction","target":{"@type":"EntryPoint","urlTemplate":"https:\/\/blog.hotelcontinental.com\/es\/?s={search_term_string}"},"query-input":{"@type":"PropertyValueSpecification","valueRequired":true,"valueName":"search_term_string"}}],"inLanguage":"es"},{"@type":"Person","@id":"https:\/\/blog.hotelcontinental.com\/#\/schema\/person\/03c12ee558f9b4d2ed1d6d86f48411ba","name":"Hotel Continental","image":{"@type":"ImageObject","inLanguage":"es","@id":"https:\/\/secure.gravatar.com\/avatar\/e732cb9f84f35036d4c926c356409ff2ba1d4205b86c3d6ce43f4125cafefb5b?s=96&d=robohash&r=g","url":"https:\/\/secure.gravatar.com\/avatar\/e732cb9f84f35036d4c926c356409ff2ba1d4205b86c3d6ce43f4125cafefb5b?s=96&d=robohash&r=g","contentUrl":"https:\/\/secure.gravatar.com\/avatar\/e732cb9f84f35036d4c926c356409ff2ba1d4205b86c3d6ce43f4125cafefb5b?s=96&d=robohash&r=g","caption":"Hotel Continental"},"url":"https:\/\/blog.hotelcontinental.com\/es\/author\/malagarriga\/"}]}},"jetpack_publicize_connections":[],"jetpack_featured_media_url":"https:\/\/blog.hotelcontinental.com\/wp-content\/uploads\/2014\/07\/bona-nit-bcn.jpg","jetpack_sharing_enabled":true,"jetpack_shortlink":"https:\/\/wp.me\/p8jyDf-1uF","_links":{"self":[{"href":"https:\/\/blog.hotelcontinental.com\/es\/wp-json\/wp\/v2\/posts\/5745","targetHints":{"allow":["GET"]}}],"collection":[{"href":"https:\/\/blog.hotelcontinental.com\/es\/wp-json\/wp\/v2\/posts"}],"about":[{"href":"https:\/\/blog.hotelcontinental.com\/es\/wp-json\/wp\/v2\/types\/post"}],"author":[{"embeddable":true,"href":"https:\/\/blog.hotelcontinental.com\/es\/wp-json\/wp\/v2\/users\/2"}],"replies":[{"embeddable":true,"href":"https:\/\/blog.hotelcontinental.com\/es\/wp-json\/wp\/v2\/comments?post=5745"}],"version-history":[{"count":4,"href":"https:\/\/blog.hotelcontinental.com\/es\/wp-json\/wp\/v2\/posts\/5745\/revisions"}],"predecessor-version":[{"id":5750,"href":"https:\/\/blog.hotelcontinental.com\/es\/wp-json\/wp\/v2\/posts\/5745\/revisions\/5750"}],"wp:featuredmedia":[{"embeddable":true,"href":"https:\/\/blog.hotelcontinental.com\/es\/wp-json\/wp\/v2\/media\/5746"}],"wp:attachment":[{"href":"https:\/\/blog.hotelcontinental.com\/es\/wp-json\/wp\/v2\/media?parent=5745"}],"wp:term":[{"taxonomy":"category","embeddable":true,"href":"https:\/\/blog.hotelcontinental.com\/es\/wp-json\/wp\/v2\/categories?post=5745"},{"taxonomy":"post_tag","embeddable":true,"href":"https:\/\/blog.hotelcontinental.com\/es\/wp-json\/wp\/v2\/tags?post=5745"}],"curies":[{"name":"wp","href":"https:\/\/api.w.org\/{rel}","templated":true}]}}